{"id":749,"date":"2014-09-04T10:27:26","date_gmt":"2014-09-04T08:27:26","guid":{"rendered":"http:\/\/ekoauto.org\/?p=749"},"modified":"2014-09-15T13:51:40","modified_gmt":"2014-09-15T11:51:40","slug":"konferencja-szkoleniowa-dla-prowadzacych-stacje-demontazu-pojazdow","status":"publish","type":"post","link":"https:\/\/ekoauto.org\/?p=749","title":{"rendered":"KONFERENCJA SZKOLENIOWA DLA PROWADZ\u0104CYCH STACJE DEMONTA\u017bU POJAZD\u00d3W"},"content":{"rendered":"<p style=\"text-align: justify;\"><span style=\"color: #000000;\">JU\u017b ZA TYDZIE\u0143 W SWARZ\u0118DZU ODB\u0118DZIE SI\u0118 KOLEJNA EDYCJA KONFERENCJI SZKOLENIOWEJ DLA PROWADZ\u0104CYCH STACJE DEMONTA\u017bU POJAZD\u00d3W. EKO-AUTO TRADYCYJNIE WE\u0179MIE W NIEJ UDZIA\u0141.<strong><br \/>\n<\/strong><\/span><\/p>\n<p style=\"text-align: justify;\"><span style=\"color: #000000;\">Na konferencji, kt\u00f3ra odb\u0119dzie si\u0119 w czwartek 11.09. zostanie poruszonych wiele interesuj\u0105cych zagadnie\u0144. Przedstawienie jednego z temat\u00f3w zosta\u0142o powierzone Prezesowi EKO-AUTO Jakubowi Smakulskiemu, kt\u00f3ry om\u00f3wi nowe za\u0142o\u017cenia systemu recyklingu pojazd\u00f3w wycofanych z eksploatacji. Ponadto poruszone b\u0119d\u0105 tematy nowych pozwole\u0144 na przetwarzanie odpad\u00f3w dla stacji demonta\u017cu pojazd\u00f3w oraz metod recyklingu tworzyw sztucznych. Specjalista Wielkopolskiego WIO\u015a przedstawi zasady przeprowadzania kontroli w stacjach demonta\u017cu pojazd\u00f3w.<\/span><\/p>\n<p><!--more--><\/p>\n<p><span style=\"color: #000000;\">Poza merytoryczn\u0105 cz\u0119\u015bci\u0105 spotkania, przewidziano atrakcyjne sp\u0119dzenie wolnego czasu, podczas zwiedzania pozna\u0144skiego browaru LECH oraz uroczystej kolacji.<\/span><\/p>\n<p><strong><span style=\"color: #008000;\">W celu uzyskania szczeg\u00f3\u0142owych informacji zapraszamy do kontaktu mailowego: biuro@ekoauto.org<br \/>\nlub telefonicznego: 533 666 815<\/span><\/strong><\/p>\n<p><strong><span style=\"color: #008000;\">ZAPRASZAMY!<\/span> <\/strong><\/p>\n<p><a href=\"http:\/\/ekoauto.org\/wp-content\/uploads\/2014\/09\/mapka.png\"><img decoding=\"async\" class=\"alignnone size-medium wp-image-756\" alt=\"mapka\" src=\"http:\/\/ekoauto.org\/wp-content\/uploads\/2014\/09\/mapka-300x111.png\" width=\"300\" height=\"111\" srcset=\"https:\/\/ekoauto.org\/wp-content\/uploads\/2014\/09\/mapka-300x111.png 300w, https:\/\/ekoauto.org\/wp-content\/uploads\/2014\/09\/mapka-200x74.png 200w, https:\/\/ekoauto.org\/wp-content\/uploads\/2014\/09\/mapka.png 641w\" sizes=\"(max-width: 300px) 100vw, 300px\" \/><\/a><\/p>\n<p>&nbsp;<\/p>\n<p><span style=\"color: #808080;\"><a title=\"Powr\u00f3t do aktualno\u015bci\" href=\"http:\/\/ekoauto.org\/?page_id=2\"><span style=\"color: #808080;\">Powr\u00f3t do aktualno\u015bci<\/span><\/a><\/span><\/p>\n","protected":false},"excerpt":{"rendered":"<p>JU\u017b ZA TYDZIE\u0143 W SWARZ\u0118DZU ODB\u0118DZIE SI\u0118 KOLEJNA EDYCJA KONFERENCJI SZKOLENIOWEJ DLA PROWADZ\u0104CYCH STACJE DEMONTA\u017bU POJAZD\u00d3W. EKO-AUTO TRADYCYJNIE WE\u0179MIE W NIEJ UDZIA\u0141. Na konferencji, kt\u00f3ra odb\u0119dzie si\u0119 w czwartek 11.09. zostanie poruszonych wiele interesuj\u0105cych zagadnie\u0144. Przedstawienie jednego z temat\u00f3w zosta\u0142o powierzone Prezesowi EKO-AUTO Jakubowi Smakulskiemu, kt\u00f3ry om\u00f3wi nowe za\u0142o\u017cenia systemu recyklingu pojazd\u00f3w wycofanych z eksploatacji. &#8230; <a title=\"KONFERENCJA SZKOLENIOWA DLA PROWADZ\u0104CYCH STACJE DEMONTA\u017bU POJAZD\u00d3W\" class=\"read-more\" href=\"https:\/\/ekoauto.org\/?p=749\" aria-label=\"Read more about KONFERENCJA SZKOLENIOWA DLA PROWADZ\u0104CYCH STACJE DEMONTA\u017bU POJAZD\u00d3W\">Dowiedz si\u0119 wi\u0119cej<\/a><\/p>\n","protected":false},"author":2,"featured_media":750,"comment_status":"open","ping_status":"open","sticky":false,"template":"","format":"standard","meta":{"_monsterinsights_skip_tracking":false,"_monsterinsights_sitenote_active":false,"_monsterinsights_sitenote_note":"","_monsterinsights_sitenote_category":0,"footnotes":""},"categories":[1],"tags":[],"class_list":["post-749","post","type-post","status-publish","format-standard","has-post-thumbnail","hentry","category-bez-kategorii"],"_links":{"self":[{"href":"https:\/\/ekoauto.org\/index.php?rest_route=\/wp\/v2\/posts\/749","targetHints":{"allow":["GET"]}}],"collection":[{"href":"https:\/\/ekoauto.org\/index.php?rest_route=\/wp\/v2\/posts"}],"about":[{"href":"https:\/\/ekoauto.org\/index.php?rest_route=\/wp\/v2\/types\/post"}],"author":[{"embeddable":true,"href":"https:\/\/ekoauto.org\/index.php?rest_route=\/wp\/v2\/users\/2"}],"replies":[{"embeddable":true,"href":"https:\/\/ekoauto.org\/index.php?rest_route=%2Fwp%2Fv2%2Fcomments&post=749"}],"version-history":[{"count":11,"href":"https:\/\/ekoauto.org\/index.php?rest_route=\/wp\/v2\/posts\/749\/revisions"}],"predecessor-version":[{"id":853,"href":"https:\/\/ekoauto.org\/index.php?rest_route=\/wp\/v2\/posts\/749\/revisions\/853"}],"wp:featuredmedia":[{"embeddable":true,"href":"https:\/\/ekoauto.org\/index.php?rest_route=\/wp\/v2\/media\/750"}],"wp:attachment":[{"href":"https:\/\/ekoauto.org\/index.php?rest_route=%2Fwp%2Fv2%2Fmedia&parent=749"}],"wp:term":[{"taxonomy":"category","embeddable":true,"href":"https:\/\/ekoauto.org\/index.php?rest_route=%2Fwp%2Fv2%2Fcategories&post=749"},{"taxonomy":"post_tag","embeddable":true,"href":"https:\/\/ekoauto.org\/index.php?rest_route=%2Fwp%2Fv2%2Ftags&post=749"}],"curies":[{"name":"wp","href":"https:\/\/api.w.org\/{rel}","templated":true}]}}