{"id":651,"date":"2014-08-13T07:27:20","date_gmt":"2014-08-13T05:27:20","guid":{"rendered":"http:\/\/ekoauto.org\/?p=651"},"modified":"2014-09-13T21:45:08","modified_gmt":"2014-09-13T19:45:08","slug":"projekt-ustawy-nie-zostal-przyjety-przez-rade-ministrow","status":"publish","type":"post","link":"https:\/\/ekoauto.org\/?p=651","title":{"rendered":"PROJEKT USTAWY NIE ZOSTA\u0141 PRZYJ\u0118TY PRZEZ RAD\u0118 MINISTR\u00d3W"},"content":{"rendered":"<p style=\"text-align: justify;\"><span style=\"color: #000000;\">Rada Ministr\u00f3w, kt\u00f3ra wczoraj rozpatrywa\u0142a projekt ustawy o zmianie ustawy o recyklingu pojazd\u00f3w wycofanych z eksploatacji, nie przyj\u0119\u0142a projektu w jego obecnej formie.\u00a0<!--more--><\/span><\/p>\n<p style=\"text-align: justify;\"><span style=\"color: #000000;\">Jedn\u0105 z przyczyn braku porozumienia Resort\u00f3w, jak wnioskuje IBMR Samar, mo\u017ce by\u0107 sprzeciw Ministerstwa Finans\u00f3w oraz Rz\u0105dowego Centrum Legislacji, w stosunku do poniesienia nak\u0142ad\u00f3w finansowych na wzrost zatrudnienia w NFO\u015aiGW.\u00a0<\/span><\/p>\n<p style=\"text-align: justify;\"><span style=\"color: #000000;\">Nie jest znana w tej chwili data ponownego przekazania projektu ustawy o recyklingu PWE pod obrady Rady Ministr\u00f3w.<\/span><\/p>\n<p style=\"text-align: justify;\"><a href=\"http:\/\/ekoauto.org\/wp-content\/uploads\/2014\/08\/1408020236_social_balloon-04.png\"><img decoding=\"async\" class=\"alignnone  wp-image-671\" alt=\"1408020236_social_balloon-04\" src=\"http:\/\/ekoauto.org\/wp-content\/uploads\/2014\/08\/1408020236_social_balloon-04.png\" width=\"149\" height=\"149\" \/><\/a><\/p>\n<p>\u00a0<a title=\"&quot;Ustawa o recyklingu do poprawki&quot;\" href=\"http:\/\/www.samar.pl\/strefa-biznesu\/ustawa-o-recyklingu-do-poprawki?locale=pl_PL\" target=\"_blank\">Artyku\u0142 Samar &#8222;Ustawa o recyklingu do poprawki&#8221; <\/a><\/p>\n<p>&nbsp;<\/p>\n<p><a title=\"Powr\u00f3t do aktualno\u015bci\" href=\"http:\/\/ekoauto.org\/?page_id=2\"><span style=\"color: #808080;\">Powr\u00f3t do aktualno\u015bci<\/span><\/a><\/p>\n","protected":false},"excerpt":{"rendered":"<p>Rada Ministr\u00f3w, kt\u00f3ra wczoraj rozpatrywa\u0142a projekt ustawy o zmianie ustawy o recyklingu pojazd\u00f3w wycofanych z eksploatacji, nie przyj\u0119\u0142a projektu w jego obecnej formie.\u00a0<\/p>\n","protected":false},"author":2,"featured_media":669,"comment_status":"open","ping_status":"open","sticky":false,"template":"","format":"standard","meta":{"_monsterinsights_skip_tracking":false,"_monsterinsights_sitenote_active":false,"_monsterinsights_sitenote_note":"","_monsterinsights_sitenote_category":0,"footnotes":""},"categories":[1],"tags":[],"class_list":["post-651","post","type-post","status-publish","format-standard","has-post-thumbnail","hentry","category-bez-kategorii"],"_links":{"self":[{"href":"https:\/\/ekoauto.org\/index.php?rest_route=\/wp\/v2\/posts\/651","targetHints":{"allow":["GET"]}}],"collection":[{"href":"https:\/\/ekoauto.org\/index.php?rest_route=\/wp\/v2\/posts"}],"about":[{"href":"https:\/\/ekoauto.org\/index.php?rest_route=\/wp\/v2\/types\/post"}],"author":[{"embeddable":true,"href":"https:\/\/ekoauto.org\/index.php?rest_route=\/wp\/v2\/users\/2"}],"replies":[{"embeddable":true,"href":"https:\/\/ekoauto.org\/index.php?rest_route=%2Fwp%2Fv2%2Fcomments&post=651"}],"version-history":[{"count":13,"href":"https:\/\/ekoauto.org\/index.php?rest_route=\/wp\/v2\/posts\/651\/revisions"}],"predecessor-version":[{"id":811,"href":"https:\/\/ekoauto.org\/index.php?rest_route=\/wp\/v2\/posts\/651\/revisions\/811"}],"wp:featuredmedia":[{"embeddable":true,"href":"https:\/\/ekoauto.org\/index.php?rest_route=\/wp\/v2\/media\/669"}],"wp:attachment":[{"href":"https:\/\/ekoauto.org\/index.php?rest_route=%2Fwp%2Fv2%2Fmedia&parent=651"}],"wp:term":[{"taxonomy":"category","embeddable":true,"href":"https:\/\/ekoauto.org\/index.php?rest_route=%2Fwp%2Fv2%2Fcategories&post=651"},{"taxonomy":"post_tag","embeddable":true,"href":"https:\/\/ekoauto.org\/index.php?rest_route=%2Fwp%2Fv2%2Ftags&post=651"}],"curies":[{"name":"wp","href":"https:\/\/api.w.org\/{rel}","templated":true}]}}