{"id":4610,"date":"2026-08-25T14:10:20","date_gmt":"2026-08-25T12:10:20","guid":{"rendered":"http:\/\/ekoauto.org\/?p=4610"},"modified":"2026-08-25T14:10:21","modified_gmt":"2026-08-25T12:10:21","slug":"prekonsultacje-odnosnie-wdrozenia-rozporzadzenia-w-sprawie-wymogow-w-zakresie-obiegu-zamknietego","status":"publish","type":"post","link":"https:\/\/ekoauto.org\/?p=4610","title":{"rendered":"Prekonsultacje odno\u015bnie wdro\u017cenia Rozporz\u0105dzenia w sprawie wymog\u00f3w w zakresie obiegu zamkni\u0119tego"},"content":{"rendered":"\n<figure class=\"wp-block-image size-large\"><img fetchpriority=\"high\" decoding=\"async\" width=\"1024\" height=\"345\" src=\"http:\/\/ekoauto.org\/wp-content\/uploads\/2026\/08\/05_znak_uproszczony_kolor_biale_tlo-1024x345.png\" alt=\"\" class=\"wp-image-4611\" srcset=\"https:\/\/ekoauto.org\/wp-content\/uploads\/2026\/08\/05_znak_uproszczony_kolor_biale_tlo-1024x345.png 1024w, https:\/\/ekoauto.org\/wp-content\/uploads\/2026\/08\/05_znak_uproszczony_kolor_biale_tlo-300x101.png 300w, https:\/\/ekoauto.org\/wp-content\/uploads\/2026\/08\/05_znak_uproszczony_kolor_biale_tlo-768x259.png 768w, https:\/\/ekoauto.org\/wp-content\/uploads\/2026\/08\/05_znak_uproszczony_kolor_biale_tlo.png 1281w\" sizes=\"(max-width: 1024px) 100vw, 1024px\" \/><\/figure>\n\n\n\n<p class=\"wp-block-paragraph\">Ministerstwo Klimatu i \u015arodowiska rozpocz\u0119\u0142o prekonsultacje odno\u015bnie wdro\u017cenia Rozporz\u0105dzenia Parlamentu Europejskiego i Rady (UE) 2026\/1738 w sprawie wymog\u00f3w w zakresie obiegu zamkni\u0119tego w odniesieniu do projektowania pojazd\u00f3w oraz gospodarowania pojazdami wycofanymi z eksploatacji.&nbsp;<\/p>\n\n\n\n<p class=\"wp-block-paragraph\">Wi\u0119cej informacji pod linkiem:<\/p>\n\n\n\n<p class=\"wp-block-paragraph\"><a href=\"https:\/\/www.gov.pl\/web\/klimat\/prekonsultacje-dot-wdrozenia-rozporzadzenia-parlamentu-europejskiego-i-rady-ue-20261738-w-sprawie-wymogow-w-zakresie-obiegu-zamknietego-w-odniesieniu-do-projektowania-pojazdow-oraz-gospodarowania-pojazdami-wycofanymi-z-eksploatacji\">https:\/\/www.gov.pl\/web\/klimat\/prekonsultacje-dot-wdrozenia-rozporzadzenia-parlamentu-europejskiego-i-rady-ue-20261738-w-sprawie-wymogow-w-zakresie-obiegu-zamknietego-w-odniesieniu-do-projektowania-pojazdow-oraz-gospodarowania-pojazdami-wycofanymi-z-eksploatacji<\/a><\/p>\n","protected":false},"excerpt":{"rendered":"<p>Ministerstwo Klimatu i \u015arodowiska rozpocz\u0119\u0142o prekonsultacje odno\u015bnie wdro\u017cenia Rozporz\u0105dzenia Parlamentu Europejskiego i Rady (UE) 2026\/1738 w sprawie wymog\u00f3w w zakresie obiegu zamkni\u0119tego w odniesieniu do projektowania pojazd\u00f3w oraz gospodarowania pojazdami wycofanymi z eksploatacji.&nbsp; Wi\u0119cej informacji pod linkiem: https:\/\/www.gov.pl\/web\/klimat\/prekonsultacje-dot-wdrozenia-rozporzadzenia-parlamentu-europejskiego-i-rady-ue-20261738-w-sprawie-wymogow-w-zakresie-obiegu-zamknietego-w-odniesieniu-do-projektowania-pojazdow-oraz-gospodarowania-pojazdami-wycofanymi-z-eksploatacji<\/p>\n","protected":false},"author":2,"featured_media":0,"comment_status":"closed","ping_status":"closed","sticky":false,"template":"","format":"standard","meta":{"_monsterinsights_skip_tracking":false,"_monsterinsights_sitenote_active":false,"_monsterinsights_sitenote_note":"","_monsterinsights_sitenote_category":0,"footnotes":""},"categories":[1],"tags":[],"class_list":["post-4610","post","type-post","status-publish","format-standard","hentry","category-bez-kategorii"],"_links":{"self":[{"href":"https:\/\/ekoauto.org\/index.php?rest_route=\/wp\/v2\/posts\/4610","targetHints":{"allow":["GET"]}}],"collection":[{"href":"https:\/\/ekoauto.org\/index.php?rest_route=\/wp\/v2\/posts"}],"about":[{"href":"https:\/\/ekoauto.org\/index.php?rest_route=\/wp\/v2\/types\/post"}],"author":[{"embeddable":true,"href":"https:\/\/ekoauto.org\/index.php?rest_route=\/wp\/v2\/users\/2"}],"replies":[{"embeddable":true,"href":"https:\/\/ekoauto.org\/index.php?rest_route=%2Fwp%2Fv2%2Fcomments&post=4610"}],"version-history":[{"count":1,"href":"https:\/\/ekoauto.org\/index.php?rest_route=\/wp\/v2\/posts\/4610\/revisions"}],"predecessor-version":[{"id":4612,"href":"https:\/\/ekoauto.org\/index.php?rest_route=\/wp\/v2\/posts\/4610\/revisions\/4612"}],"wp:attachment":[{"href":"https:\/\/ekoauto.org\/index.php?rest_route=%2Fwp%2Fv2%2Fmedia&parent=4610"}],"wp:term":[{"taxonomy":"category","embeddable":true,"href":"https:\/\/ekoauto.org\/index.php?rest_route=%2Fwp%2Fv2%2Fcategories&post=4610"},{"taxonomy":"post_tag","embeddable":true,"href":"https:\/\/ekoauto.org\/index.php?rest_route=%2Fwp%2Fv2%2Ftags&post=4610"}],"curies":[{"name":"wp","href":"https:\/\/api.w.org\/{rel}","templated":true}]}}