{"id":4557,"date":"2026-04-29T14:25:40","date_gmt":"2026-04-29T12:25:40","guid":{"rendered":"https:\/\/ekoauto.org\/?p=4557"},"modified":"2026-04-29T14:25:41","modified_gmt":"2026-04-29T12:25:41","slug":"plany-ogolne-dla-zakladow-przetwarzania","status":"publish","type":"post","link":"https:\/\/ekoauto.org\/?p=4557","title":{"rendered":"Plany og\u00f3lne dla zak\u0142ad\u00f3w przetwarzania"},"content":{"rendered":"\n<figure class=\"wp-block-image size-large\"><img fetchpriority=\"high\" decoding=\"async\" width=\"1024\" height=\"331\" src=\"https:\/\/ekoauto.org\/wp-content\/uploads\/2026\/04\/LDZ_billboard_mala_KSIEGA_ZNAKU_TUP_v01-scaled-1-1024x331.jpg\" alt=\"\" class=\"wp-image-4558\" srcset=\"https:\/\/ekoauto.org\/wp-content\/uploads\/2026\/04\/LDZ_billboard_mala_KSIEGA_ZNAKU_TUP_v01-scaled-1-1024x331.jpg 1024w, https:\/\/ekoauto.org\/wp-content\/uploads\/2026\/04\/LDZ_billboard_mala_KSIEGA_ZNAKU_TUP_v01-scaled-1-300x97.jpg 300w, https:\/\/ekoauto.org\/wp-content\/uploads\/2026\/04\/LDZ_billboard_mala_KSIEGA_ZNAKU_TUP_v01-scaled-1-768x248.jpg 768w, https:\/\/ekoauto.org\/wp-content\/uploads\/2026\/04\/LDZ_billboard_mala_KSIEGA_ZNAKU_TUP_v01-scaled-1-1536x497.jpg 1536w, https:\/\/ekoauto.org\/wp-content\/uploads\/2026\/04\/LDZ_billboard_mala_KSIEGA_ZNAKU_TUP_v01-scaled-1-2048x662.jpg 2048w\" sizes=\"(max-width: 1024px) 100vw, 1024px\" \/><\/figure>\n\n\n\n<p>Dzisiaj prezes Stowarzyszenia Jakub Smakulski bierze udzia\u0142 w Konferencji \u201cPlany og\u00f3lne \u2013 wsp\u00f3lna sprawa\u201d. Konferencja po\u015bwi\u0119cona jest kluczowym wyzwaniom zwi\u0105zanym z opracowaniem i wdra\u017caniem plan\u00f3w og\u00f3lnych. Wydarzenie tworzy przestrze\u0144 do wymiany do\u015bwiadcze\u0144 pomi\u0119dzy projektantami, administracj\u0105 publiczn\u0105 i samorz\u0105dami, koncentruj\u0105c si\u0119 na problemach praktycznych, uwarunkowaniach prawnych oraz dobrych praktykach planistycznych.<br \/>Podczas dyskusji prezes przedstawi\u0142 problem powstaj\u0105cy przy tworzeniu plan\u00f3w og\u00f3lnych zwi\u0105zany z lokalizacj\u0105 zak\u0142ad\u00f3w przetwarzania odpad\u00f3w, w tym stacji demonta\u017cu pojazd\u00f3w i skup\u00f3w z\u0142omu. Zaapelowa\u0142, aby przeanalizowa\u0107 lokalizowanie stref dla zak\u0142ad\u00f3w przetwarzania i umo\u017cliwi\u0107 rozw\u00f3j bran\u017cy, wskazuj\u0105c prawid\u0142owe strefy.<\/p>\n","protected":false},"excerpt":{"rendered":"<p>Dzisiaj prezes Stowarzyszenia Jakub Smakulski bierze udzia\u0142 w Konferencji \u201cPlany og\u00f3lne \u2013 wsp\u00f3lna sprawa\u201d. Konferencja po\u015bwi\u0119cona jest kluczowym wyzwaniom zwi\u0105zanym z opracowaniem i wdra\u017caniem plan\u00f3w og\u00f3lnych. Wydarzenie tworzy przestrze\u0144 do wymiany do\u015bwiadcze\u0144 pomi\u0119dzy projektantami, administracj\u0105 publiczn\u0105 i samorz\u0105dami, koncentruj\u0105c si\u0119 na problemach praktycznych, uwarunkowaniach prawnych oraz dobrych praktykach planistycznych.Podczas dyskusji prezes przedstawi\u0142 problem powstaj\u0105cy przy &#8230; <a title=\"Plany og\u00f3lne dla zak\u0142ad\u00f3w przetwarzania\" class=\"read-more\" href=\"https:\/\/ekoauto.org\/?p=4557\" aria-label=\"Read more about Plany og\u00f3lne dla zak\u0142ad\u00f3w przetwarzania\">Dowiedz si\u0119 wi\u0119cej<\/a><\/p>\n","protected":false},"author":2,"featured_media":0,"comment_status":"closed","ping_status":"closed","sticky":false,"template":"","format":"standard","meta":{"_monsterinsights_skip_tracking":false,"_monsterinsights_sitenote_active":false,"_monsterinsights_sitenote_note":"","_monsterinsights_sitenote_category":0,"footnotes":""},"categories":[1],"tags":[],"class_list":["post-4557","post","type-post","status-publish","format-standard","hentry","category-bez-kategorii"],"_links":{"self":[{"href":"https:\/\/ekoauto.org\/index.php?rest_route=\/wp\/v2\/posts\/4557","targetHints":{"allow":["GET"]}}],"collection":[{"href":"https:\/\/ekoauto.org\/index.php?rest_route=\/wp\/v2\/posts"}],"about":[{"href":"https:\/\/ekoauto.org\/index.php?rest_route=\/wp\/v2\/types\/post"}],"author":[{"embeddable":true,"href":"https:\/\/ekoauto.org\/index.php?rest_route=\/wp\/v2\/users\/2"}],"replies":[{"embeddable":true,"href":"https:\/\/ekoauto.org\/index.php?rest_route=%2Fwp%2Fv2%2Fcomments&post=4557"}],"version-history":[{"count":1,"href":"https:\/\/ekoauto.org\/index.php?rest_route=\/wp\/v2\/posts\/4557\/revisions"}],"predecessor-version":[{"id":4559,"href":"https:\/\/ekoauto.org\/index.php?rest_route=\/wp\/v2\/posts\/4557\/revisions\/4559"}],"wp:attachment":[{"href":"https:\/\/ekoauto.org\/index.php?rest_route=%2Fwp%2Fv2%2Fmedia&parent=4557"}],"wp:term":[{"taxonomy":"category","embeddable":true,"href":"https:\/\/ekoauto.org\/index.php?rest_route=%2Fwp%2Fv2%2Fcategories&post=4557"},{"taxonomy":"post_tag","embeddable":true,"href":"https:\/\/ekoauto.org\/index.php?rest_route=%2Fwp%2Fv2%2Ftags&post=4557"}],"curies":[{"name":"wp","href":"https:\/\/api.w.org\/{rel}","templated":true}]}}