{"id":4553,"date":"2026-04-16T14:12:23","date_gmt":"2026-04-16T12:12:23","guid":{"rendered":"https:\/\/ekoauto.org\/?p=4553"},"modified":"2026-04-29T14:24:24","modified_gmt":"2026-04-29T12:24:24","slug":"posiedzenie-zespolu-roboczego-ds-recyklingu-i-gospodarki-odpadami-20","status":"publish","type":"post","link":"https:\/\/ekoauto.org\/?p=4553","title":{"rendered":"Posiedzenie Zespo\u0142u Roboczego ds. Recyklingu i Gospodarki Odpadami"},"content":{"rendered":"\n<figure class=\"wp-block-image size-large\"><img fetchpriority=\"high\" decoding=\"async\" width=\"700\" height=\"135\" src=\"https:\/\/ekoauto.org\/wp-content\/uploads\/2026\/04\/LOGO-RZECZNIK-MSP.svg\" alt=\"\" class=\"wp-image-4554\"\/><\/figure>\n\n\n\n<p>15 kwietnia 2026 roku odby\u0142o si\u0119\u00a0 posiedzenie Zespo\u0142u Roboczego ds. Recyklingu i Gospodarki Odpadami. Tematem posiedzenia by\u0142o czy instalacje do przetwarzania odpad\u00f3w musz\u0105 by\u0107 lokalizowane w planach og\u00f3lnych w strefie infrastrukturalnej? Dyskusja skupi\u0142a si\u0119 na problemie lokalizacji zak\u0142ad\u00f3w przetwarzania odpad\u00f3w w wyznaczanych strefach w ramach projektowanych plan\u00f3w og\u00f3lnych gmin. Zagadnienie zosta\u0142o poruszone po raz pierwszy w po\u0142owie 2025 roku przez prezesa Smakulskiego na posiedzeniu komisji sejmowych oraz na spotkaniach z przedstawicielami ministerstw. Obecnie Rzecznik Ma\u0142ych i \u015arednich Przedsi\u0119biorc\u00f3w Pani Agnieszka Majewska chce podj\u0105\u0107 dzia\u0142ania zmierzaj\u0105ce do umo\u017cliwienia rozwoju zak\u0142ad\u00f3w przetwarzania odpad\u00f3w i zablokowania ograniczania inwestycji w bran\u017cy.\u00a0<\/p>\n\n\n\n<p>Prezes Jakub Smakulski zaproponowa\u0142, aby obok inicjatywy zmierzaj\u0105cej do zmiany przepis\u00f3w podj\u0105\u0107 dzia\u0142ania informacyjne i zaapelowa\u0107 do organizacji zrzeszaj\u0105cych przedstawicieli zawod\u00f3w zwi\u0105zanych z planowaniem przestrzennym o uwzgl\u0119dnienie potrzeb zak\u0142ad\u00f3w przetwarzania odpad\u00f3w, w tym stacji demonta\u017cu pojazd\u00f3w i punkt\u00f3w zbierania odpad\u00f3w. Przedstawiciele biura Rzecznika M\u015aP przychylili si\u0119 do propozycji prezesa Smakulskiego.\u00a0<\/p>\n","protected":false},"excerpt":{"rendered":"<p>15 kwietnia 2026 roku odby\u0142o si\u0119\u00a0 posiedzenie Zespo\u0142u Roboczego ds. Recyklingu i Gospodarki Odpadami. Tematem posiedzenia by\u0142o czy instalacje do przetwarzania odpad\u00f3w musz\u0105 by\u0107 lokalizowane w planach og\u00f3lnych w strefie infrastrukturalnej? Dyskusja skupi\u0142a si\u0119 na problemie lokalizacji zak\u0142ad\u00f3w przetwarzania odpad\u00f3w w wyznaczanych strefach w ramach projektowanych plan\u00f3w og\u00f3lnych gmin. Zagadnienie zosta\u0142o poruszone po raz pierwszy &#8230; <a title=\"Posiedzenie Zespo\u0142u Roboczego ds. Recyklingu i Gospodarki Odpadami\" class=\"read-more\" href=\"https:\/\/ekoauto.org\/?p=4553\" aria-label=\"Read more about Posiedzenie Zespo\u0142u Roboczego ds. Recyklingu i Gospodarki Odpadami\">Dowiedz si\u0119 wi\u0119cej<\/a><\/p>\n","protected":false},"author":2,"featured_media":0,"comment_status":"closed","ping_status":"closed","sticky":false,"template":"","format":"standard","meta":{"_monsterinsights_skip_tracking":false,"_monsterinsights_sitenote_active":false,"_monsterinsights_sitenote_note":"","_monsterinsights_sitenote_category":0,"footnotes":""},"categories":[1],"tags":[],"class_list":["post-4553","post","type-post","status-publish","format-standard","hentry","category-bez-kategorii"],"_links":{"self":[{"href":"https:\/\/ekoauto.org\/index.php?rest_route=\/wp\/v2\/posts\/4553","targetHints":{"allow":["GET"]}}],"collection":[{"href":"https:\/\/ekoauto.org\/index.php?rest_route=\/wp\/v2\/posts"}],"about":[{"href":"https:\/\/ekoauto.org\/index.php?rest_route=\/wp\/v2\/types\/post"}],"author":[{"embeddable":true,"href":"https:\/\/ekoauto.org\/index.php?rest_route=\/wp\/v2\/users\/2"}],"replies":[{"embeddable":true,"href":"https:\/\/ekoauto.org\/index.php?rest_route=%2Fwp%2Fv2%2Fcomments&post=4553"}],"version-history":[{"count":2,"href":"https:\/\/ekoauto.org\/index.php?rest_route=\/wp\/v2\/posts\/4553\/revisions"}],"predecessor-version":[{"id":4556,"href":"https:\/\/ekoauto.org\/index.php?rest_route=\/wp\/v2\/posts\/4553\/revisions\/4556"}],"wp:attachment":[{"href":"https:\/\/ekoauto.org\/index.php?rest_route=%2Fwp%2Fv2%2Fmedia&parent=4553"}],"wp:term":[{"taxonomy":"category","embeddable":true,"href":"https:\/\/ekoauto.org\/index.php?rest_route=%2Fwp%2Fv2%2Fcategories&post=4553"},{"taxonomy":"post_tag","embeddable":true,"href":"https:\/\/ekoauto.org\/index.php?rest_route=%2Fwp%2Fv2%2Ftags&post=4553"}],"curies":[{"name":"wp","href":"https:\/\/api.w.org\/{rel}","templated":true}]}}