{"id":4503,"date":"2026-01-21T15:57:57","date_gmt":"2026-01-21T14:57:57","guid":{"rendered":"https:\/\/ekoauto.org\/?p=4503"},"modified":"2026-01-26T09:34:31","modified_gmt":"2026-01-26T08:34:31","slug":"prace-podkomisji-rozpatrzenie-informacji-ministra-klimatu-i-srodowiska-na-temat-glownych-kierunkow-dzialan-oraz-przewidywanego-zakresu-prac-legislacyjnych-w-szczegolnosci-deregulacyjnych-w-pierwszym","status":"publish","type":"post","link":"https:\/\/ekoauto.org\/?p=4503","title":{"rendered":"Prace Komisji Ochrony \u015arodowiska, Zasob\u00f3w Naturalnych i Le\u015bnictwa"},"content":{"rendered":"<div class=\"wp-block-image\">\n<figure class=\"aligncenter size-full\"><img fetchpriority=\"high\" decoding=\"async\" width=\"330\" height=\"248\" src=\"https:\/\/ekoauto.org\/wp-content\/uploads\/2026\/01\/Sejm_RP_logo_and_wordmark.svg.png\" alt=\"\" class=\"wp-image-4508\" srcset=\"https:\/\/ekoauto.org\/wp-content\/uploads\/2026\/01\/Sejm_RP_logo_and_wordmark.svg.png 330w, https:\/\/ekoauto.org\/wp-content\/uploads\/2026\/01\/Sejm_RP_logo_and_wordmark.svg-300x225.png 300w\" sizes=\"(max-width: 330px) 100vw, 330px\" \/><\/figure>\n<\/div>\n\n\n<p>21 stycznia odby\u0142o si\u0119 posiedzenie sejmowej Komisji Ochrony \u015arodowiska, Zasob\u00f3w Naturalnych i Le\u015bnictwa. Przedmiotem spotkania by\u0142o rozpatrzenie informacji Ministra Klimatu i \u015arodowiska na temat g\u0142\u00f3wnych kierunk\u00f3w dzia\u0142a\u0144 oraz przewidywanego zakresu prac legislacyjnych (w szczeg\u00f3lno\u015bci deregulacyjnych) w pierwszym p\u00f3\u0142roczu 2026 r.<\/p>\n\n\n\n<p>W imieniu Ministerstwa Klimatu i \u015arodowiska informacj\u0119 przedstawi\u0142a Sekretarz Stanu, Urszula Zieli\u0144ska. W imieniu strony bran\u017cowej g\u0142os zabra\u0142 prezes Jakub Smakulski, kt\u00f3ry zwr\u00f3ci\u0142 uwag\u0119, \u017ce brakuje w wykazie prac rozwi\u0105za\u0144 liberalizuj\u0105cych przepisy dla stacji demonta\u017cu pojazd\u00f3w i innych zak\u0142ad\u00f3w recyklingu. Nie ma poruszonej kwestii obni\u017cenia stawek oraz wprowadzenia nowych narz\u0119dzi w zakresie\u00a0zabezpieczenia roszcze\u0144.\u00a0<\/p>\n\n\n\n<p>Prezes zwr\u00f3ci\u0142 uwag\u0119 na konieczno\u015b\u0107 szybkiego procedowania projektu ustawy\u00a0UDER 81. Projekt ten nie rozwi\u0105zuje wszystkich problem\u00f3w, ale mo\u017ce si\u0119 przyczyni\u0107 do skr\u00f3cenia czasu wydawania decyzji dla zak\u0142ad\u00f3w recyklingu, w tym stacji demonta\u017cu pojazd\u00f3w. Prezes wyrazi\u0142 r\u00f3wnie\u017c obawy, \u017ce system dobrowolnej kontroli przedsi\u0119biorc\u00f3w przy wydawaniu pozwole\u0144 mo\u017ce si\u0119 w praktyce nie sprawdzi\u0107.\u00a0<\/p>\n\n\n\n<div data-wp-interactive=\"core\/file\" class=\"wp-block-file\"><object data-wp-bind--hidden=\"!state.hasPdfPreview\" hidden class=\"wp-block-file__embed\" data=\"https:\/\/ekoauto.org\/wp-content\/uploads\/2026\/01\/Wykaz-prac.pdf\" type=\"application\/pdf\" style=\"width:100%;height:600px\" aria-label=\"Osadzone z Wykaz prac.\"><\/object><a id=\"wp-block-file--media-109211ea-e2d7-4843-92e9-7390e75454f0\" href=\"https:\/\/ekoauto.org\/wp-content\/uploads\/2026\/01\/Wykaz-prac.pdf\">Wykaz prac<\/a><a href=\"https:\/\/ekoauto.org\/wp-content\/uploads\/2026\/01\/Wykaz-prac.pdf\" class=\"wp-block-file__button wp-element-button\" download aria-describedby=\"wp-block-file--media-109211ea-e2d7-4843-92e9-7390e75454f0\">Pobierz<\/a><\/div>\n\n\n\n<p><a href=\"https:\/\/www.sejm.gov.pl\/Sejm10.nsf\/transmisja.xsp?documentId=1EC466B1418C1885C1258D7E004BDBFA&amp;symbol=TRANSMISJA_ARCH&amp;info=T\" data-type=\"link\" data-id=\"https:\/\/www.sejm.gov.pl\/Sejm10.nsf\/transmisja.xsp?documentId=1EC466B1418C1885C1258D7E004BDBFA&amp;symbol=TRANSMISJA_ARCH&amp;info=T\">Link do transmisji<\/a><\/p>\n\n\n\n<p>Wypowied\u017a prezesa Smakulskiego (19:36:11)<\/p>\n","protected":false},"excerpt":{"rendered":"<p>21 stycznia odby\u0142o si\u0119 posiedzenie sejmowej Komisji Ochrony \u015arodowiska, Zasob\u00f3w Naturalnych i Le\u015bnictwa. Przedmiotem spotkania by\u0142o rozpatrzenie informacji Ministra Klimatu i \u015arodowiska na temat g\u0142\u00f3wnych kierunk\u00f3w dzia\u0142a\u0144 oraz przewidywanego zakresu prac legislacyjnych (w szczeg\u00f3lno\u015bci deregulacyjnych) w pierwszym p\u00f3\u0142roczu 2026 r. W imieniu Ministerstwa Klimatu i \u015arodowiska informacj\u0119 przedstawi\u0142a Sekretarz Stanu, Urszula Zieli\u0144ska. W imieniu strony &#8230; <a title=\"Prace Komisji Ochrony \u015arodowiska, Zasob\u00f3w Naturalnych i Le\u015bnictwa\" class=\"read-more\" href=\"https:\/\/ekoauto.org\/?p=4503\" aria-label=\"Read more about Prace Komisji Ochrony \u015arodowiska, Zasob\u00f3w Naturalnych i Le\u015bnictwa\">Dowiedz si\u0119 wi\u0119cej<\/a><\/p>\n","protected":false},"author":2,"featured_media":0,"comment_status":"closed","ping_status":"closed","sticky":false,"template":"","format":"standard","meta":{"_monsterinsights_skip_tracking":false,"_monsterinsights_sitenote_active":false,"_monsterinsights_sitenote_note":"","_monsterinsights_sitenote_category":0,"footnotes":""},"categories":[1],"tags":[],"class_list":["post-4503","post","type-post","status-publish","format-standard","hentry","category-bez-kategorii"],"_links":{"self":[{"href":"https:\/\/ekoauto.org\/index.php?rest_route=\/wp\/v2\/posts\/4503","targetHints":{"allow":["GET"]}}],"collection":[{"href":"https:\/\/ekoauto.org\/index.php?rest_route=\/wp\/v2\/posts"}],"about":[{"href":"https:\/\/ekoauto.org\/index.php?rest_route=\/wp\/v2\/types\/post"}],"author":[{"embeddable":true,"href":"https:\/\/ekoauto.org\/index.php?rest_route=\/wp\/v2\/users\/2"}],"replies":[{"embeddable":true,"href":"https:\/\/ekoauto.org\/index.php?rest_route=%2Fwp%2Fv2%2Fcomments&post=4503"}],"version-history":[{"count":6,"href":"https:\/\/ekoauto.org\/index.php?rest_route=\/wp\/v2\/posts\/4503\/revisions"}],"predecessor-version":[{"id":4515,"href":"https:\/\/ekoauto.org\/index.php?rest_route=\/wp\/v2\/posts\/4503\/revisions\/4515"}],"wp:attachment":[{"href":"https:\/\/ekoauto.org\/index.php?rest_route=%2Fwp%2Fv2%2Fmedia&parent=4503"}],"wp:term":[{"taxonomy":"category","embeddable":true,"href":"https:\/\/ekoauto.org\/index.php?rest_route=%2Fwp%2Fv2%2Fcategories&post=4503"},{"taxonomy":"post_tag","embeddable":true,"href":"https:\/\/ekoauto.org\/index.php?rest_route=%2Fwp%2Fv2%2Ftags&post=4503"}],"curies":[{"name":"wp","href":"https:\/\/api.w.org\/{rel}","templated":true}]}}