{"id":4456,"date":"2025-11-26T11:39:15","date_gmt":"2025-11-26T10:39:15","guid":{"rendered":"https:\/\/ekoauto.org\/?p=4456"},"modified":"2025-11-26T11:39:15","modified_gmt":"2025-11-26T10:39:15","slug":"kontynuacja-walki-o-zachowanie-pozwolen-dla-stacji-demontazu-i-skupow-zlomu","status":"publish","type":"post","link":"http:\/\/ekoauto.org\/?p=4456","title":{"rendered":"Kontynuacja walki o zachowanie pozwole\u0144 dla stacji demonta\u017cu i skup\u00f3w z\u0142omu"},"content":{"rendered":"\n<figure class=\"wp-block-image size-full\"><img decoding=\"async\" width=\"303\" height=\"120\" src=\"https:\/\/ekoauto.org\/wp-content\/uploads\/2025\/11\/logo-lg.jpg\" alt=\"\" class=\"wp-image-4457\" srcset=\"http:\/\/ekoauto.org\/wp-content\/uploads\/2025\/11\/logo-lg.jpg 303w, http:\/\/ekoauto.org\/wp-content\/uploads\/2025\/11\/logo-lg-300x119.jpg 300w\" sizes=\"(max-width: 303px) 100vw, 303px\" \/><\/figure>\n\n\n\n<p>25.11.2025 odby\u0142o si\u0119 posiedzenie senackiej Komisji Klimatu i \u015arodowiska.<\/p>\n\n\n\n<p>Jako pierwszy w imieniu bran\u017cy recyklingu pojazd\u00f3w przemawia\u0142 prezes Jakub Smakulski. Zaapelowa\u0142 o przyj\u0119cie ustawy w proponowanej formie. Zaznaczy\u0142, \u017ce bran\u017ca wnioskowa\u0142a o przed\u0142u\u017cenie okresu wa\u017cno\u015bci pozwole\u0144 o dwa lata. Ministerstwo Klimatu i \u015arodowiska wskazywa\u0142o termin p\u00f3\u0142 roku. Dzi\u0119ki staraniom Stowarzyszenia EKO-AUTO uda\u0142o si\u0119 doprowadzi\u0107 do kompromisu i ustalono okres jednego roku (koniec roku 2026).<\/p>\n\n\n\n<p>Wypowied\u017a<\/p>\n\n\n\n<p>Link do transmisji (wyst\u0105pienie prezesa Jakuba Smakulskiego (16:14:28)<\/p>\n\n\n\n<p><a href=\"https:\/\/www.senat.gov.pl\/transmisje\/podreczne-archiwum-ostatnich-transmisji\">https:\/\/www.senat.gov.pl\/transmisje\/podreczne-archiwum-ostatnich-transmisji<\/a><\/p>\n","protected":false},"excerpt":{"rendered":"<p>25.11.2025 odby\u0142o si\u0119 posiedzenie senackiej Komisji Klimatu i \u015arodowiska. Jako pierwszy w imieniu bran\u017cy recyklingu pojazd\u00f3w przemawia\u0142 prezes Jakub Smakulski. Zaapelowa\u0142 o przyj\u0119cie ustawy w proponowanej formie. Zaznaczy\u0142, \u017ce bran\u017ca wnioskowa\u0142a o przed\u0142u\u017cenie okresu wa\u017cno\u015bci pozwole\u0144 o dwa lata. Ministerstwo Klimatu i \u015arodowiska wskazywa\u0142o termin p\u00f3\u0142 roku. Dzi\u0119ki staraniom Stowarzyszenia EKO-AUTO uda\u0142o si\u0119 doprowadzi\u0107 do &#8230; <a title=\"Kontynuacja walki o zachowanie pozwole\u0144 dla stacji demonta\u017cu i skup\u00f3w z\u0142omu\" class=\"read-more\" href=\"http:\/\/ekoauto.org\/?p=4456\" aria-label=\"Read more about Kontynuacja walki o zachowanie pozwole\u0144 dla stacji demonta\u017cu i skup\u00f3w z\u0142omu\">Dowiedz si\u0119 wi\u0119cej<\/a><\/p>\n","protected":false},"author":2,"featured_media":0,"comment_status":"closed","ping_status":"closed","sticky":false,"template":"","format":"standard","meta":{"_monsterinsights_skip_tracking":false,"_monsterinsights_sitenote_active":false,"_monsterinsights_sitenote_note":"","_monsterinsights_sitenote_category":0,"footnotes":""},"categories":[1],"tags":[],"class_list":["post-4456","post","type-post","status-publish","format-standard","hentry","category-bez-kategorii"],"_links":{"self":[{"href":"http:\/\/ekoauto.org\/index.php?rest_route=\/wp\/v2\/posts\/4456","targetHints":{"allow":["GET"]}}],"collection":[{"href":"http:\/\/ekoauto.org\/index.php?rest_route=\/wp\/v2\/posts"}],"about":[{"href":"http:\/\/ekoauto.org\/index.php?rest_route=\/wp\/v2\/types\/post"}],"author":[{"embeddable":true,"href":"http:\/\/ekoauto.org\/index.php?rest_route=\/wp\/v2\/users\/2"}],"replies":[{"embeddable":true,"href":"http:\/\/ekoauto.org\/index.php?rest_route=%2Fwp%2Fv2%2Fcomments&post=4456"}],"version-history":[{"count":1,"href":"http:\/\/ekoauto.org\/index.php?rest_route=\/wp\/v2\/posts\/4456\/revisions"}],"predecessor-version":[{"id":4458,"href":"http:\/\/ekoauto.org\/index.php?rest_route=\/wp\/v2\/posts\/4456\/revisions\/4458"}],"wp:attachment":[{"href":"http:\/\/ekoauto.org\/index.php?rest_route=%2Fwp%2Fv2%2Fmedia&parent=4456"}],"wp:term":[{"taxonomy":"category","embeddable":true,"href":"http:\/\/ekoauto.org\/index.php?rest_route=%2Fwp%2Fv2%2Fcategories&post=4456"},{"taxonomy":"post_tag","embeddable":true,"href":"http:\/\/ekoauto.org\/index.php?rest_route=%2Fwp%2Fv2%2Ftags&post=4456"}],"curies":[{"name":"wp","href":"https:\/\/api.w.org\/{rel}","templated":true}]}}