{"id":4447,"date":"2025-11-07T10:37:29","date_gmt":"2025-11-07T09:37:29","guid":{"rendered":"https:\/\/ekoauto.org\/?p=4447"},"modified":"2025-11-12T15:17:10","modified_gmt":"2025-11-12T14:17:10","slug":"termin-waznosci-decyzji-odpadowych-31-12-2026-r-projekt","status":"publish","type":"post","link":"http:\/\/ekoauto.org\/?p=4447","title":{"rendered":"Termin wa\u017cno\u015bci decyzji odpadowych- 31.12.2026 r. (projekt)"},"content":{"rendered":"<div class=\"wp-block-image\">\n<figure class=\"alignleft size-large is-resized\"><img fetchpriority=\"high\" decoding=\"async\" width=\"1024\" height=\"770\" src=\"https:\/\/ekoauto.org\/wp-content\/uploads\/2025\/11\/Sejm_RP_logo_and_wordmark.svg-1024x770.png\" alt=\"\" class=\"wp-image-4448\" style=\"width:263px;height:auto\" srcset=\"http:\/\/ekoauto.org\/wp-content\/uploads\/2025\/11\/Sejm_RP_logo_and_wordmark.svg-1024x770.png 1024w, http:\/\/ekoauto.org\/wp-content\/uploads\/2025\/11\/Sejm_RP_logo_and_wordmark.svg-300x226.png 300w, http:\/\/ekoauto.org\/wp-content\/uploads\/2025\/11\/Sejm_RP_logo_and_wordmark.svg-768x577.png 768w, http:\/\/ekoauto.org\/wp-content\/uploads\/2025\/11\/Sejm_RP_logo_and_wordmark.svg.png 1200w\" sizes=\"(max-width: 1024px) 100vw, 1024px\" \/><\/figure>\n<\/div>\n\n\n<figure class=\"wp-block-image size-full is-resized\"><img decoding=\"async\" width=\"914\" height=\"606\" src=\"https:\/\/ekoauto.org\/wp-content\/uploads\/2025\/11\/z06cAmNviq17IQdd.png\" alt=\"\" class=\"wp-image-4449\" style=\"width:615px;height:auto\" srcset=\"http:\/\/ekoauto.org\/wp-content\/uploads\/2025\/11\/z06cAmNviq17IQdd.png 914w, http:\/\/ekoauto.org\/wp-content\/uploads\/2025\/11\/z06cAmNviq17IQdd-300x199.png 300w, http:\/\/ekoauto.org\/wp-content\/uploads\/2025\/11\/z06cAmNviq17IQdd-768x509.png 768w\" sizes=\"(max-width: 914px) 100vw, 914px\" \/><\/figure>\n\n\n\n<p><\/p>\n\n\n\n<p><\/p>\n\n\n\n<p><\/p>\n\n\n\n<p><\/p>\n\n\n\n<p>W dniach 6 i 7 listopada 2025 roku odby\u0142y si\u0119 posiedzenia Komisji do Spraw Deregulacji (DER), Komisji Ochrony \u015arodowiska, Zasob\u00f3w Naturalnych i Le\u015bnictwa (OSZ) oraz Podkomisji sta\u0142ej do spraw rozwoju gospodarczego. Posiedzenie podkomisji odby\u0142o si\u0119 m. in. z inicjatywy prezesa Stowarzyszenia EKO-AUTO Jakub Smakulskiego. Przedmiotem spotkania by\u0142a informacja o aktualnym stanie wydawania decyzji sektorowych dla przedsi\u0119biorc\u00f3w dzia\u0142aj\u0105cych w zakresie gospodarki odpadami, w tym recyklingu pojazd\u00f3w.\u00a0W posiedzeniu wzi\u0119\u0142a udzia\u0142\u00a0pos\u0142anka Gabriela Lenartowicz oraz\u00a0p. Joanna Darska, zast\u0119pca Dyrektora Departamentu Gospodarki Odpadami Ministerstwa Klimatu i \u015arodowiska, kt\u00f3ra przedstawi\u0142a dane dotycz\u0105ce ilo\u015bci prowadzonych post\u0119powa\u0144.\u00a0Warto podkre\u015bli\u0107 bardzo du\u017ce zaanga\u017cowanie pani pose\u0142 Gabrieli Lenartowicz, kt\u00f3ra aktywnie dzia\u0142a na rzecz bran\u017cy gospodarki odpadami.\u00a0Strona spo\u0142eczna by\u0142a reprezentowana przez organizacje zrzeszaj\u0105ce podmioty z bran\u017cy zbierania i recyklingu odpad\u00f3w.\u00a0<\/p>\n\n\n\n<p>Pani Dyrektor Joanna Darska przedstawi\u0142a statystki odno\u015bnie ilo\u015bci prowadzonych post\u0119powa\u0144 zwi\u0105zanych ze zmianami zezwole\u0144 i pozwole\u0144 w zakresie gospodarki odpadami. W zwi\u0105zku z wprowadzeniem tzw. ustawy po\u017carowej prowadzonych by\u0142o ok. 11 000 post\u0119powa\u0144 administracyjnych. Obecnie (na podstawie danych z Urz\u0119d\u00f3w Marsza\u0142kowskich i starostw) prowadzonych jest jeszcze ok. 1400 post\u0119powa\u0144 dostosowuj\u0105cych podmioty do przepis\u00f3w przeciwpo\u017carowych. Ilo\u015b\u0107 post\u0119powa\u0144 uleg\u0142a zmniejszeniu, ale nie w takim zakresie, aby mo\u017cna by\u0142o m\u00f3wi\u0107 o stabilizacji dla bran\u017cy. Po spotkaniu prezesa Smakulskiego i przedstawieniu problem\u00f3w z uzyskiwanymi pozwoleniami\u00a0Inspekcja Ochrony \u015arodowiska dzi\u0119ki interwencji Hanny Ko\u0144czal przyspieszy\u0142a dzia\u0142ania kontrolne w sprawie zako\u0144czenia tocz\u0105cych si\u0119 post\u0119powa\u0144 administracyjnych. Obecnie prowadzonych jest ponad 6000 dodatkowych post\u0119powa\u0144 zwi\u0105zanych z uzyskiwaniem nowych pozwole\u0144 i zezwole\u0144. Sytuacja ta wynika z faktu, \u017ce mija 10 letni okres, na kt\u00f3ry zosta\u0142o wydanych bardzo wiele decyzji.\u00a0<\/p>\n\n\n\n<p>Zapowiedziano w najbli\u017cszym czasie (po\u0142owa przysz\u0142ego roku) procedury usprawniaj\u0105ce uzyskiwanie decyzji, o co wielokrotnie zabiega\u0142 prezes Jakub Smakulski. Wskazano propozycje mo\u017cliwo\u015bci kontynuowania posiadanego pozwolenia je\u017celi z\u0142o\u017cy si\u0119 w odpowiednim terminie (3 lub 6 miesi\u0119cy) odpowiedni wniosek. Pomys\u0142 ten zosta\u0142 przedstawiony przez Stowarzyszenie EKO-AUTO ju\u017c kilka lat temu jako innowacyjne i proprzedsi\u0119biorcze podej\u015bcie do zagadnie\u0144 zwi\u0105zanych z zezwoleniami na zbieranie i przetwarzanie odpad\u00f3w.&nbsp;<\/p>\n\n\n\n<p>Prezes Smakulski skierowa\u0142 r\u00f3wnie\u017c postulat, aby przeanalizowa\u0107 zasadno\u015b\u0107 stosowania narz\u0119dzia w postaci zabezpieczenia roszcze\u0144. W ostatnich 4 latach odnotowano 1 lub 2 przypadku zastosowania tego zabezpieczenia na poczet zagospodarowania odpad\u00f3w. W praktyce s\u0105 deponowane pieni\u0105dze za magazynowane odpady, kt\u00f3re s\u0105 w spos\u00f3b legalny zagospodarowywane.\u00a0<\/p>\n\n\n\n<p>Pod koniec posiedzenia prezes zasugerowa\u0142 traktowanie bran\u017cy gospodarki odpadami jako bran\u017cy kluczowej, co ju\u017c czyni Unia Europejska. Surowce pozyskiwane przez zak\u0142ady recyklingu s\u0105 surowcami strategicznymi dla Rzeczpospolitej Polskiej.&nbsp;<\/p>\n\n\n\n<p><a href=\"https:\/\/www.sejm.gov.pl\/Sejm10.nsf\/transmisja.xsp?documentId=6EE3670608B2840FC1258D32004E6124&amp;symbol=TRANSMISJA_ARCH&amp;info=T\">Link do posiedzenia podkomisji<\/a><\/p>\n","protected":false},"excerpt":{"rendered":"<p>W dniach 6 i 7 listopada 2025 roku odby\u0142y si\u0119 posiedzenia Komisji do Spraw Deregulacji (DER), Komisji Ochrony \u015arodowiska, Zasob\u00f3w Naturalnych i Le\u015bnictwa (OSZ) oraz Podkomisji sta\u0142ej do spraw rozwoju gospodarczego. Posiedzenie podkomisji odby\u0142o si\u0119 m. in. z inicjatywy prezesa Stowarzyszenia EKO-AUTO Jakub Smakulskiego. Przedmiotem spotkania by\u0142a informacja o aktualnym stanie wydawania decyzji sektorowych dla &#8230; <a title=\"Termin wa\u017cno\u015bci decyzji odpadowych- 31.12.2026 r. (projekt)\" class=\"read-more\" href=\"http:\/\/ekoauto.org\/?p=4447\" aria-label=\"Read more about Termin wa\u017cno\u015bci decyzji odpadowych- 31.12.2026 r. (projekt)\">Dowiedz si\u0119 wi\u0119cej<\/a><\/p>\n","protected":false},"author":2,"featured_media":0,"comment_status":"closed","ping_status":"closed","sticky":false,"template":"","format":"standard","meta":{"_monsterinsights_skip_tracking":false,"_monsterinsights_sitenote_active":false,"_monsterinsights_sitenote_note":"","_monsterinsights_sitenote_category":0,"footnotes":""},"categories":[1],"tags":[],"class_list":["post-4447","post","type-post","status-publish","format-standard","hentry","category-bez-kategorii"],"_links":{"self":[{"href":"http:\/\/ekoauto.org\/index.php?rest_route=\/wp\/v2\/posts\/4447","targetHints":{"allow":["GET"]}}],"collection":[{"href":"http:\/\/ekoauto.org\/index.php?rest_route=\/wp\/v2\/posts"}],"about":[{"href":"http:\/\/ekoauto.org\/index.php?rest_route=\/wp\/v2\/types\/post"}],"author":[{"embeddable":true,"href":"http:\/\/ekoauto.org\/index.php?rest_route=\/wp\/v2\/users\/2"}],"replies":[{"embeddable":true,"href":"http:\/\/ekoauto.org\/index.php?rest_route=%2Fwp%2Fv2%2Fcomments&post=4447"}],"version-history":[{"count":2,"href":"http:\/\/ekoauto.org\/index.php?rest_route=\/wp\/v2\/posts\/4447\/revisions"}],"predecessor-version":[{"id":4451,"href":"http:\/\/ekoauto.org\/index.php?rest_route=\/wp\/v2\/posts\/4447\/revisions\/4451"}],"wp:attachment":[{"href":"http:\/\/ekoauto.org\/index.php?rest_route=%2Fwp%2Fv2%2Fmedia&parent=4447"}],"wp:term":[{"taxonomy":"category","embeddable":true,"href":"http:\/\/ekoauto.org\/index.php?rest_route=%2Fwp%2Fv2%2Fcategories&post=4447"},{"taxonomy":"post_tag","embeddable":true,"href":"http:\/\/ekoauto.org\/index.php?rest_route=%2Fwp%2Fv2%2Ftags&post=4447"}],"curies":[{"name":"wp","href":"https:\/\/api.w.org\/{rel}","templated":true}]}}