{"id":4443,"date":"2025-10-29T13:30:01","date_gmt":"2025-10-29T12:30:01","guid":{"rendered":"https:\/\/ekoauto.org\/?p=4443"},"modified":"2025-10-29T13:38:44","modified_gmt":"2025-10-29T12:38:44","slug":"posiedzenie-podkomisji-stalej-ds-rozwoju-gospodarczego","status":"publish","type":"post","link":"http:\/\/ekoauto.org\/?p=4443","title":{"rendered":"Posiedzenie podkomisji sta\u0142ej ds. rozwoju gospodarczego"},"content":{"rendered":"\n<p>Z ogromn\u0105 przyjemno\u015bci\u0105 przyj\u0119li\u015bmy zaproszenie do udzia\u0142u w najbli\u017cszym posiedzeniu podkomisji sta\u0142ej ds. rozwoju gospodarczego. <\/p>\n\n\n\n<p>Planowana tematyka spotkania jest bardzo istotna dla bran\u017cy i dotyczy aktualnego stanu wydawania decyzji sektorowych dla przedsi\u0119biorc\u00f3w dzia\u0142aj\u0105cych w zakresie gospodarki odpadami, w tym recyklingu pojazd\u00f3w.<\/p>\n\n\n\n<p>Posiedzenie odb\u0119dzie si\u0119 w dniu 7 listopada 2025 r. .<\/p>\n\n\n\n<p><\/p>\n","protected":false},"excerpt":{"rendered":"<p>Z ogromn\u0105 przyjemno\u015bci\u0105 przyj\u0119li\u015bmy zaproszenie do udzia\u0142u w najbli\u017cszym posiedzeniu podkomisji sta\u0142ej ds. rozwoju gospodarczego. Planowana tematyka spotkania jest bardzo istotna dla bran\u017cy i dotyczy aktualnego stanu wydawania decyzji sektorowych dla przedsi\u0119biorc\u00f3w dzia\u0142aj\u0105cych w zakresie gospodarki odpadami, w tym recyklingu pojazd\u00f3w. Posiedzenie odb\u0119dzie si\u0119 w dniu 7 listopada 2025 r. .<\/p>\n","protected":false},"author":2,"featured_media":0,"comment_status":"closed","ping_status":"closed","sticky":false,"template":"","format":"standard","meta":{"_monsterinsights_skip_tracking":false,"_monsterinsights_sitenote_active":false,"_monsterinsights_sitenote_note":"","_monsterinsights_sitenote_category":0,"footnotes":""},"categories":[1],"tags":[],"class_list":["post-4443","post","type-post","status-publish","format-standard","hentry","category-bez-kategorii"],"_links":{"self":[{"href":"http:\/\/ekoauto.org\/index.php?rest_route=\/wp\/v2\/posts\/4443","targetHints":{"allow":["GET"]}}],"collection":[{"href":"http:\/\/ekoauto.org\/index.php?rest_route=\/wp\/v2\/posts"}],"about":[{"href":"http:\/\/ekoauto.org\/index.php?rest_route=\/wp\/v2\/types\/post"}],"author":[{"embeddable":true,"href":"http:\/\/ekoauto.org\/index.php?rest_route=\/wp\/v2\/users\/2"}],"replies":[{"embeddable":true,"href":"http:\/\/ekoauto.org\/index.php?rest_route=%2Fwp%2Fv2%2Fcomments&post=4443"}],"version-history":[{"count":2,"href":"http:\/\/ekoauto.org\/index.php?rest_route=\/wp\/v2\/posts\/4443\/revisions"}],"predecessor-version":[{"id":4445,"href":"http:\/\/ekoauto.org\/index.php?rest_route=\/wp\/v2\/posts\/4443\/revisions\/4445"}],"wp:attachment":[{"href":"http:\/\/ekoauto.org\/index.php?rest_route=%2Fwp%2Fv2%2Fmedia&parent=4443"}],"wp:term":[{"taxonomy":"category","embeddable":true,"href":"http:\/\/ekoauto.org\/index.php?rest_route=%2Fwp%2Fv2%2Fcategories&post=4443"},{"taxonomy":"post_tag","embeddable":true,"href":"http:\/\/ekoauto.org\/index.php?rest_route=%2Fwp%2Fv2%2Ftags&post=4443"}],"curies":[{"name":"wp","href":"https:\/\/api.w.org\/{rel}","templated":true}]}}