{"id":4403,"date":"2025-09-08T15:42:14","date_gmt":"2025-09-08T13:42:14","guid":{"rendered":"https:\/\/ekoauto.org\/?p=4403"},"modified":"2025-09-08T15:42:14","modified_gmt":"2025-09-08T13:42:14","slug":"ekologicznie-czyste-pojazdy-korporacyjne-stanowisko-eko-auto","status":"publish","type":"post","link":"http:\/\/ekoauto.org\/?p=4403","title":{"rendered":"&#8222;Ekologicznie czyste pojazdy korporacyjne&#8221; &#8211; stanowisko Eko-Auto"},"content":{"rendered":"\n<p>Stowarzyszenie EKO-AUTO przedstawi\u0142o stanowisko Komisji Europejskiej w sprawie inicjatywy &#8222;Ekologicznie czyste pojazdy korporacyjne&#8221;. Zaproponowano rozwi\u0105zania chroni\u0105ce bran\u017c\u0119 recyklingu pojazd\u00f3w wycofanych z eksploatacji w zwi\u0105zku z planowanymi zmianami przepis\u00f3w w zakresie obni\u017cania emisyjno\u015bci pojazd\u00f3w nale\u017c\u0105cych do podmiot\u00f3w gospodarczych. Prezes Jakub Smakulski wskaza\u0142 na g\u0142\u00f3wne problemy zwi\u0105zane z konieczno\u015bci\u0105 zamiany parku samochodowego z pojazd\u00f3w spalinowych na pojazdy bezemisyjne (g\u0142\u00f3wnie elektryczne). Kluczowe dla proponowanych zmian s\u0105 warunki dofinansowania bran\u017cy recyklingu pojazd\u00f3w wycofanych z eksploatacji oraz ograniczenia funkcjonowania szarej strefy.<\/p>\n\n\n\n<figure class=\"wp-block-image size-full\"><img fetchpriority=\"high\" decoding=\"async\" width=\"353\" height=\"245\" src=\"https:\/\/ekoauto.org\/wp-content\/uploads\/2025\/09\/Logo_of_the_European_Commission_pl.svg.png\" alt=\"\" class=\"wp-image-4404\" srcset=\"http:\/\/ekoauto.org\/wp-content\/uploads\/2025\/09\/Logo_of_the_European_Commission_pl.svg.png 353w, http:\/\/ekoauto.org\/wp-content\/uploads\/2025\/09\/Logo_of_the_European_Commission_pl.svg-300x208.png 300w\" sizes=\"(max-width: 353px) 100vw, 353px\" \/><\/figure>\n\n\n\n<p><\/p>\n","protected":false},"excerpt":{"rendered":"<p>Stowarzyszenie EKO-AUTO przedstawi\u0142o stanowisko Komisji Europejskiej w sprawie inicjatywy &#8222;Ekologicznie czyste pojazdy korporacyjne&#8221;. Zaproponowano rozwi\u0105zania chroni\u0105ce bran\u017c\u0119 recyklingu pojazd\u00f3w wycofanych z eksploatacji w zwi\u0105zku z planowanymi zmianami przepis\u00f3w w zakresie obni\u017cania emisyjno\u015bci pojazd\u00f3w nale\u017c\u0105cych do podmiot\u00f3w gospodarczych. Prezes Jakub Smakulski wskaza\u0142 na g\u0142\u00f3wne problemy zwi\u0105zane z konieczno\u015bci\u0105 zamiany parku samochodowego z pojazd\u00f3w spalinowych na pojazdy &#8230; <a title=\"&#8222;Ekologicznie czyste pojazdy korporacyjne&#8221; &#8211; stanowisko Eko-Auto\" class=\"read-more\" href=\"http:\/\/ekoauto.org\/?p=4403\" aria-label=\"Read more about &#8222;Ekologicznie czyste pojazdy korporacyjne&#8221; &#8211; stanowisko Eko-Auto\">Dowiedz si\u0119 wi\u0119cej<\/a><\/p>\n","protected":false},"author":2,"featured_media":0,"comment_status":"closed","ping_status":"closed","sticky":false,"template":"","format":"standard","meta":{"_monsterinsights_skip_tracking":false,"_monsterinsights_sitenote_active":false,"_monsterinsights_sitenote_note":"","_monsterinsights_sitenote_category":0,"footnotes":""},"categories":[1],"tags":[],"class_list":["post-4403","post","type-post","status-publish","format-standard","hentry","category-bez-kategorii"],"_links":{"self":[{"href":"http:\/\/ekoauto.org\/index.php?rest_route=\/wp\/v2\/posts\/4403","targetHints":{"allow":["GET"]}}],"collection":[{"href":"http:\/\/ekoauto.org\/index.php?rest_route=\/wp\/v2\/posts"}],"about":[{"href":"http:\/\/ekoauto.org\/index.php?rest_route=\/wp\/v2\/types\/post"}],"author":[{"embeddable":true,"href":"http:\/\/ekoauto.org\/index.php?rest_route=\/wp\/v2\/users\/2"}],"replies":[{"embeddable":true,"href":"http:\/\/ekoauto.org\/index.php?rest_route=%2Fwp%2Fv2%2Fcomments&post=4403"}],"version-history":[{"count":1,"href":"http:\/\/ekoauto.org\/index.php?rest_route=\/wp\/v2\/posts\/4403\/revisions"}],"predecessor-version":[{"id":4405,"href":"http:\/\/ekoauto.org\/index.php?rest_route=\/wp\/v2\/posts\/4403\/revisions\/4405"}],"wp:attachment":[{"href":"http:\/\/ekoauto.org\/index.php?rest_route=%2Fwp%2Fv2%2Fmedia&parent=4403"}],"wp:term":[{"taxonomy":"category","embeddable":true,"href":"http:\/\/ekoauto.org\/index.php?rest_route=%2Fwp%2Fv2%2Fcategories&post=4403"},{"taxonomy":"post_tag","embeddable":true,"href":"http:\/\/ekoauto.org\/index.php?rest_route=%2Fwp%2Fv2%2Ftags&post=4403"}],"curies":[{"name":"wp","href":"https:\/\/api.w.org\/{rel}","templated":true}]}}