{"id":4400,"date":"2025-09-02T13:53:34","date_gmt":"2025-09-02T11:53:34","guid":{"rendered":"https:\/\/ekoauto.org\/?p=4400"},"modified":"2025-09-02T13:53:35","modified_gmt":"2025-09-02T11:53:35","slug":"posiedzenie-zespolu-roboczego-ds-recyklingu-i-gospodarki-odpadami-18","status":"publish","type":"post","link":"http:\/\/ekoauto.org\/?p=4400","title":{"rendered":"Posiedzenie Zespo\u0142u Roboczego ds. Recyklingu i Gospodarki Odpadami"},"content":{"rendered":"\n<p>2 wrze\u015bnia 2025 roku odby\u0142o si\u0119 73. posiedzenie Zespo\u0142u Roboczego ds. Recyklingu i Gospodarki Odpadami dzia\u0142aj\u0105cego przy Radzie Przedsi\u0119biorc\u00f3w Rzecznika Ma\u0142ych i \u015arednich Przedsi\u0119biorc\u00f3w. Tematem spotkania by\u0142 projekt ustawy o opakowaniach i odpadach opakowaniowych z dnia 7 sierpnia 2025 r. Podczas dyskusji pojawi\u0142y si\u0119 stanowiska, \u017ce projekt ustawy nie spe\u0142nia oczekiwa\u0144 \u015brodowiska przedsi\u0119biorc\u00f3w, w tym w szczeg\u00f3lno\u015bci recykler\u00f3w i podmiot\u00f3w zajmuj\u0105cych si\u0119 zbieraniem odpad\u00f3w. Podkre\u015blano, ze nale\u017cy wzmocni\u0107 pozycj\u0119 przedsi\u0119biorcy w systemie. Przewodnicz\u0105cy Karol W\u00f3jcik wskaza\u0142, aby \u015brodki w systemie by\u0142y kierowane na obni\u017canie op\u0142at dla mieszka\u0144c\u00f3w, a nie na inne cele zwi\u0105zane z gospodark\u0105 odpadami. Przedstawiono r\u00f3wnie\u017c stanowiska, aby by\u0142a wi\u0119ksza presja systemu na wykorzystanie recyklat\u00f3w w produkcji opakowa\u0144 oraz zwolnienie z op\u0142at opakowa\u0144 produkowanych w 100% z recyklatu. Ze wzgl\u0119du na skomplikowan\u0105 materi\u0119 i obszerny zakres projektu prezes Smakulski zaproponowa\u0142, aby przed\u0142u\u017cy\u0107 termin na sk\u0142adanie uwag do projektu. Podobne stanowisko przedstawi\u0142o kilka pozosta\u0142ych organizacji.<\/p>\n\n\n\n<figure class=\"wp-block-image size-full\"><img decoding=\"async\" width=\"250\" height=\"56\" src=\"https:\/\/ekoauto.org\/wp-content\/uploads\/2025\/09\/ZxrzSz4hX9UUpymG.jpeg\" alt=\"\" class=\"wp-image-4401\"\/><\/figure>\n\n\n\n<p><\/p>\n","protected":false},"excerpt":{"rendered":"<p>2 wrze\u015bnia 2025 roku odby\u0142o si\u0119 73. posiedzenie Zespo\u0142u Roboczego ds. Recyklingu i Gospodarki Odpadami dzia\u0142aj\u0105cego przy Radzie Przedsi\u0119biorc\u00f3w Rzecznika Ma\u0142ych i \u015arednich Przedsi\u0119biorc\u00f3w. Tematem spotkania by\u0142 projekt ustawy o opakowaniach i odpadach opakowaniowych z dnia 7 sierpnia 2025 r. Podczas dyskusji pojawi\u0142y si\u0119 stanowiska, \u017ce projekt ustawy nie spe\u0142nia oczekiwa\u0144 \u015brodowiska przedsi\u0119biorc\u00f3w, w tym &#8230; <a title=\"Posiedzenie Zespo\u0142u Roboczego ds. Recyklingu i Gospodarki Odpadami\" class=\"read-more\" href=\"http:\/\/ekoauto.org\/?p=4400\" aria-label=\"Read more about Posiedzenie Zespo\u0142u Roboczego ds. Recyklingu i Gospodarki Odpadami\">Dowiedz si\u0119 wi\u0119cej<\/a><\/p>\n","protected":false},"author":2,"featured_media":0,"comment_status":"closed","ping_status":"closed","sticky":false,"template":"","format":"standard","meta":{"_monsterinsights_skip_tracking":false,"_monsterinsights_sitenote_active":false,"_monsterinsights_sitenote_note":"","_monsterinsights_sitenote_category":0,"footnotes":""},"categories":[1],"tags":[],"class_list":["post-4400","post","type-post","status-publish","format-standard","hentry","category-bez-kategorii"],"_links":{"self":[{"href":"http:\/\/ekoauto.org\/index.php?rest_route=\/wp\/v2\/posts\/4400","targetHints":{"allow":["GET"]}}],"collection":[{"href":"http:\/\/ekoauto.org\/index.php?rest_route=\/wp\/v2\/posts"}],"about":[{"href":"http:\/\/ekoauto.org\/index.php?rest_route=\/wp\/v2\/types\/post"}],"author":[{"embeddable":true,"href":"http:\/\/ekoauto.org\/index.php?rest_route=\/wp\/v2\/users\/2"}],"replies":[{"embeddable":true,"href":"http:\/\/ekoauto.org\/index.php?rest_route=%2Fwp%2Fv2%2Fcomments&post=4400"}],"version-history":[{"count":1,"href":"http:\/\/ekoauto.org\/index.php?rest_route=\/wp\/v2\/posts\/4400\/revisions"}],"predecessor-version":[{"id":4402,"href":"http:\/\/ekoauto.org\/index.php?rest_route=\/wp\/v2\/posts\/4400\/revisions\/4402"}],"wp:attachment":[{"href":"http:\/\/ekoauto.org\/index.php?rest_route=%2Fwp%2Fv2%2Fmedia&parent=4400"}],"wp:term":[{"taxonomy":"category","embeddable":true,"href":"http:\/\/ekoauto.org\/index.php?rest_route=%2Fwp%2Fv2%2Fcategories&post=4400"},{"taxonomy":"post_tag","embeddable":true,"href":"http:\/\/ekoauto.org\/index.php?rest_route=%2Fwp%2Fv2%2Ftags&post=4400"}],"curies":[{"name":"wp","href":"https:\/\/api.w.org\/{rel}","templated":true}]}}