{"id":4393,"date":"2025-08-26T08:24:08","date_gmt":"2025-08-26T06:24:08","guid":{"rendered":"https:\/\/ekoauto.org\/?p=4393"},"modified":"2025-08-26T08:24:08","modified_gmt":"2025-08-26T06:24:08","slug":"prowadzenie-dzialalnosci-w-branzy-recyklingu-a-plany-ogolne","status":"publish","type":"post","link":"http:\/\/ekoauto.org\/?p=4393","title":{"rendered":"Prowadzenie dzia\u0142alno\u015bci w bran\u017cy recyklingu a plany og\u00f3lne"},"content":{"rendered":"\n<p>Na pro\u015bb\u0119 dyrektora Departamentu Gospodarki Odpadami MKi\u015a &#8211; Macieja Bia\u0142ka prezes Stowarzyszenia EKO-AUTO przekaza\u0142 informacje dotycz\u0105ce zagro\u017ce\u0144 zwi\u0105zanych z uchwalanymi og\u00f3lnymi planami zagospodarowania przestrzennego. W pi\u015bmie zawarto uwagi w jaki spos\u00f3b zapobiec dzia\u0142aniom uniemo\u017cliwiaj\u0105cym rozw\u00f3j sektora gospodarki odpadami (w tym stacji demonta\u017cu pojazd\u00f3w i skup\u00f3w z\u0142omu). Zaproponowano dzia\u0142ania na poziomie ministerialnym oraz propozycje zmiany przepis\u00f3w.&nbsp;<\/p>\n\n\n\n<p>Stowarzyszenie b\u0119dzie informowa\u0142o na bie\u017c\u0105co o podj\u0119tych dzia\u0142aniach i zaproponowanych rozwi\u0105zaniach.&nbsp;<\/p>\n\n\n\n<figure class=\"wp-block-image size-large\"><img fetchpriority=\"high\" decoding=\"async\" width=\"1024\" height=\"345\" src=\"https:\/\/ekoauto.org\/wp-content\/uploads\/2025\/08\/05_znak_uproszczony_kolor_biale_tlo-1024x345.png\" alt=\"\" class=\"wp-image-4394\" srcset=\"http:\/\/ekoauto.org\/wp-content\/uploads\/2025\/08\/05_znak_uproszczony_kolor_biale_tlo-1024x345.png 1024w, http:\/\/ekoauto.org\/wp-content\/uploads\/2025\/08\/05_znak_uproszczony_kolor_biale_tlo-300x101.png 300w, http:\/\/ekoauto.org\/wp-content\/uploads\/2025\/08\/05_znak_uproszczony_kolor_biale_tlo-768x259.png 768w, http:\/\/ekoauto.org\/wp-content\/uploads\/2025\/08\/05_znak_uproszczony_kolor_biale_tlo.png 1281w\" sizes=\"(max-width: 1024px) 100vw, 1024px\" \/><\/figure>\n","protected":false},"excerpt":{"rendered":"<p>Na pro\u015bb\u0119 dyrektora Departamentu Gospodarki Odpadami MKi\u015a &#8211; Macieja Bia\u0142ka prezes Stowarzyszenia EKO-AUTO przekaza\u0142 informacje dotycz\u0105ce zagro\u017ce\u0144 zwi\u0105zanych z uchwalanymi og\u00f3lnymi planami zagospodarowania przestrzennego. W pi\u015bmie zawarto uwagi w jaki spos\u00f3b zapobiec dzia\u0142aniom uniemo\u017cliwiaj\u0105cym rozw\u00f3j sektora gospodarki odpadami (w tym stacji demonta\u017cu pojazd\u00f3w i skup\u00f3w z\u0142omu). Zaproponowano dzia\u0142ania na poziomie ministerialnym oraz propozycje zmiany przepis\u00f3w.&nbsp; &#8230; <a title=\"Prowadzenie dzia\u0142alno\u015bci w bran\u017cy recyklingu a plany og\u00f3lne\" class=\"read-more\" href=\"http:\/\/ekoauto.org\/?p=4393\" aria-label=\"Read more about Prowadzenie dzia\u0142alno\u015bci w bran\u017cy recyklingu a plany og\u00f3lne\">Dowiedz si\u0119 wi\u0119cej<\/a><\/p>\n","protected":false},"author":2,"featured_media":0,"comment_status":"closed","ping_status":"closed","sticky":false,"template":"","format":"standard","meta":{"_monsterinsights_skip_tracking":false,"_monsterinsights_sitenote_active":false,"_monsterinsights_sitenote_note":"","_monsterinsights_sitenote_category":0,"footnotes":""},"categories":[1],"tags":[],"class_list":["post-4393","post","type-post","status-publish","format-standard","hentry","category-bez-kategorii"],"_links":{"self":[{"href":"http:\/\/ekoauto.org\/index.php?rest_route=\/wp\/v2\/posts\/4393","targetHints":{"allow":["GET"]}}],"collection":[{"href":"http:\/\/ekoauto.org\/index.php?rest_route=\/wp\/v2\/posts"}],"about":[{"href":"http:\/\/ekoauto.org\/index.php?rest_route=\/wp\/v2\/types\/post"}],"author":[{"embeddable":true,"href":"http:\/\/ekoauto.org\/index.php?rest_route=\/wp\/v2\/users\/2"}],"replies":[{"embeddable":true,"href":"http:\/\/ekoauto.org\/index.php?rest_route=%2Fwp%2Fv2%2Fcomments&post=4393"}],"version-history":[{"count":1,"href":"http:\/\/ekoauto.org\/index.php?rest_route=\/wp\/v2\/posts\/4393\/revisions"}],"predecessor-version":[{"id":4395,"href":"http:\/\/ekoauto.org\/index.php?rest_route=\/wp\/v2\/posts\/4393\/revisions\/4395"}],"wp:attachment":[{"href":"http:\/\/ekoauto.org\/index.php?rest_route=%2Fwp%2Fv2%2Fmedia&parent=4393"}],"wp:term":[{"taxonomy":"category","embeddable":true,"href":"http:\/\/ekoauto.org\/index.php?rest_route=%2Fwp%2Fv2%2Fcategories&post=4393"},{"taxonomy":"post_tag","embeddable":true,"href":"http:\/\/ekoauto.org\/index.php?rest_route=%2Fwp%2Fv2%2Ftags&post=4393"}],"curies":[{"name":"wp","href":"https:\/\/api.w.org\/{rel}","templated":true}]}}