{"id":4387,"date":"2025-08-20T14:16:29","date_gmt":"2025-08-20T12:16:29","guid":{"rendered":"https:\/\/ekoauto.org\/?p=4387"},"modified":"2025-08-20T15:23:20","modified_gmt":"2025-08-20T13:23:20","slug":"polaczone-posiedzenie-zr-ds-konkurencji-zr-ds-telekomunikacji-zr-ds-transportu-motoryzacji-i-paliw-zr-ds-klimatu-i-energii-zr-ds-recyklingu-i-gospodarki-odpadami-zr-ds-systemu-ochrony-zdro","status":"publish","type":"post","link":"http:\/\/ekoauto.org\/?p=4387","title":{"rendered":"Po\u0142\u0105czone posiedzenie ZR ds. Konkurencji, ZR ds. Telekomunikacji, ZR ds. Transportu, Motoryzacji i Paliw, ZR ds. Klimatu i Energii, ZR ds. Recyklingu i gospodarki odpadami, ZR ds. Systemu Ochrony Zdrowia i Farmacji"},"content":{"rendered":"\n<figure class=\"wp-block-image size-large\"><img fetchpriority=\"high\" decoding=\"async\" width=\"1465\" height=\"255\" src=\"https:\/\/ekoauto.org\/wp-content\/uploads\/2025\/08\/logo-brmisp-soop-2.svg\" alt=\"\" class=\"wp-image-4388\"\/><\/figure>\n\n\n\n<p>20 sierpnia 2025 roku odby\u0142o si\u0119 po\u0142\u0105czone posiedzenie ZR ds. Konkurencji, ZR ds. Telekomunikacji, ZR ds. Transportu, Motoryzacji i Paliw, ZR ds. Klimatu i Energii, ZR ds. Recyklingu i gospodarki odpadami, ZR ds. Systemu Ochrony Zdrowia i Farmacji.\u00a0<\/p>\n\n\n\n<p>Przedmiotem posiedzenia by\u0142y zagadnienia zwi\u0105zane z nak\u0142adaniem kar administracyjnych na ma\u0142ych i \u015brednich przedsi\u0119biorc\u00f3w. Prezes Smakulski podkre\u015bli\u0142, \u017ce g\u0142\u00f3wnym problemem jest nak\u0142adanie kar na dzia\u0142aj\u0105ce legalnie podmioty gospodarcze i zbyt rzadkie nak\u0142adanie kar na podmioty dzia\u0142aj\u0105ce nielegalnie.\u00a0Podczas dyskusji wskazano na zjawisko bardzo du\u017cej uznaniowo\u015bci kar i dysproporcji w wysoko\u015bci kar za te same lub podobne naruszenia (r\u00f3\u017cnice mog\u0105 si\u0119ga\u0107 nawet kilkuset tysi\u0119cy z\u0142otych). Stowarzyszenie EKO-AUTO przeka\u017ce Rzecznikowi Ma\u0142ych i \u015arednich Przedsi\u0119biorc\u00f3w swoje propozycje odno\u015bnie systemu kar administracyjnych w ochronie \u015brodowiska.\u00a0<\/p>\n","protected":false},"excerpt":{"rendered":"<p>20 sierpnia 2025 roku odby\u0142o si\u0119 po\u0142\u0105czone posiedzenie ZR ds. Konkurencji, ZR ds. Telekomunikacji, ZR ds. Transportu, Motoryzacji i Paliw, ZR ds. Klimatu i Energii, ZR ds. Recyklingu i gospodarki odpadami, ZR ds. Systemu Ochrony Zdrowia i Farmacji.\u00a0 Przedmiotem posiedzenia by\u0142y zagadnienia zwi\u0105zane z nak\u0142adaniem kar administracyjnych na ma\u0142ych i \u015brednich przedsi\u0119biorc\u00f3w. Prezes Smakulski podkre\u015bli\u0142, &#8230; <a title=\"Po\u0142\u0105czone posiedzenie ZR ds. Konkurencji, ZR ds. Telekomunikacji, ZR ds. Transportu, Motoryzacji i Paliw, ZR ds. Klimatu i Energii, ZR ds. Recyklingu i gospodarki odpadami, ZR ds. Systemu Ochrony Zdrowia i Farmacji\" class=\"read-more\" href=\"http:\/\/ekoauto.org\/?p=4387\" aria-label=\"Read more about Po\u0142\u0105czone posiedzenie ZR ds. Konkurencji, ZR ds. Telekomunikacji, ZR ds. Transportu, Motoryzacji i Paliw, ZR ds. Klimatu i Energii, ZR ds. Recyklingu i gospodarki odpadami, ZR ds. Systemu Ochrony Zdrowia i Farmacji\">Dowiedz si\u0119 wi\u0119cej<\/a><\/p>\n","protected":false},"author":2,"featured_media":0,"comment_status":"closed","ping_status":"closed","sticky":false,"template":"","format":"standard","meta":{"_monsterinsights_skip_tracking":false,"_monsterinsights_sitenote_active":false,"_monsterinsights_sitenote_note":"","_monsterinsights_sitenote_category":0,"footnotes":""},"categories":[1],"tags":[],"class_list":["post-4387","post","type-post","status-publish","format-standard","hentry","category-bez-kategorii"],"_links":{"self":[{"href":"http:\/\/ekoauto.org\/index.php?rest_route=\/wp\/v2\/posts\/4387","targetHints":{"allow":["GET"]}}],"collection":[{"href":"http:\/\/ekoauto.org\/index.php?rest_route=\/wp\/v2\/posts"}],"about":[{"href":"http:\/\/ekoauto.org\/index.php?rest_route=\/wp\/v2\/types\/post"}],"author":[{"embeddable":true,"href":"http:\/\/ekoauto.org\/index.php?rest_route=\/wp\/v2\/users\/2"}],"replies":[{"embeddable":true,"href":"http:\/\/ekoauto.org\/index.php?rest_route=%2Fwp%2Fv2%2Fcomments&post=4387"}],"version-history":[{"count":2,"href":"http:\/\/ekoauto.org\/index.php?rest_route=\/wp\/v2\/posts\/4387\/revisions"}],"predecessor-version":[{"id":4392,"href":"http:\/\/ekoauto.org\/index.php?rest_route=\/wp\/v2\/posts\/4387\/revisions\/4392"}],"wp:attachment":[{"href":"http:\/\/ekoauto.org\/index.php?rest_route=%2Fwp%2Fv2%2Fmedia&parent=4387"}],"wp:term":[{"taxonomy":"category","embeddable":true,"href":"http:\/\/ekoauto.org\/index.php?rest_route=%2Fwp%2Fv2%2Fcategories&post=4387"},{"taxonomy":"post_tag","embeddable":true,"href":"http:\/\/ekoauto.org\/index.php?rest_route=%2Fwp%2Fv2%2Ftags&post=4387"}],"curies":[{"name":"wp","href":"https:\/\/api.w.org\/{rel}","templated":true}]}}