{"id":4370,"date":"2025-06-25T07:09:48","date_gmt":"2025-06-25T05:09:48","guid":{"rendered":"https:\/\/ekoauto.org\/?p=4370"},"modified":"2025-07-01T07:11:12","modified_gmt":"2025-07-01T05:11:12","slug":"konferencja-rzecznika-msp-po-pierwsze-gospodarka","status":"publish","type":"post","link":"http:\/\/ekoauto.org\/?p=4370","title":{"rendered":"Konferencja Rzecznika M\u015aP \u201ePo pierwsze gospodarka\u2026\u201d"},"content":{"rendered":"\n<figure class=\"wp-block-image size-large\"><img fetchpriority=\"high\" decoding=\"async\" width=\"1024\" height=\"652\" src=\"https:\/\/ekoauto.org\/wp-content\/uploads\/2025\/07\/PLAKAT-GLOWNY-AGENDA-png-1024x652.webp\" alt=\"\" class=\"wp-image-4371\" srcset=\"http:\/\/ekoauto.org\/wp-content\/uploads\/2025\/07\/PLAKAT-GLOWNY-AGENDA-png-1024x652.webp 1024w, http:\/\/ekoauto.org\/wp-content\/uploads\/2025\/07\/PLAKAT-GLOWNY-AGENDA-png-300x191.webp 300w, http:\/\/ekoauto.org\/wp-content\/uploads\/2025\/07\/PLAKAT-GLOWNY-AGENDA-png-768x489.webp 768w, http:\/\/ekoauto.org\/wp-content\/uploads\/2025\/07\/PLAKAT-GLOWNY-AGENDA-png-1536x977.webp 1536w, http:\/\/ekoauto.org\/wp-content\/uploads\/2025\/07\/PLAKAT-GLOWNY-AGENDA-png-2048x1303.webp 2048w\" sizes=\"(max-width: 1024px) 100vw, 1024px\" \/><\/figure>\n\n\n\n<p>W dniach 23-24 czerwca 2025 r. prezes Jakub Smakulski uczestniczy\u0142 w konferencji: \u201ePo pierwsze gospodarka\u2026\u201d organizowanej przez pani\u0105 Rzecznik Ma\u0142ych i \u015arednich Przedsi\u0119biorc\u00f3w Agnieszk\u0119 Majewsk\u0105. Podczas licznych spotka\u0144 omawiane by\u0142y bie\u017c\u0105ce problemy przedsi\u0119biorc\u00f3w m.in. sk\u0142adek ZUS, nadmiernego opodatkowania czy te\u017c zbyt wielu skomplikowanych przepis\u00f3w prawa. Wa\u017cnym elementem konferencji by\u0142y warsztaty zwi\u0105zane prowadzeniem dzia\u0142alno\u015bci gospodarczej. Przedstawiane by\u0142y rozwi\u0105zania bie\u017c\u0105cych problem\u00f3w pojawiaj\u0105cych si\u0119 podczas funkcjonowania przedsi\u0119biorstwa.<\/p>\n","protected":false},"excerpt":{"rendered":"<p>W dniach 23-24 czerwca 2025 r. prezes Jakub Smakulski uczestniczy\u0142 w konferencji: \u201ePo pierwsze gospodarka\u2026\u201d organizowanej przez pani\u0105 Rzecznik Ma\u0142ych i \u015arednich Przedsi\u0119biorc\u00f3w Agnieszk\u0119 Majewsk\u0105. Podczas licznych spotka\u0144 omawiane by\u0142y bie\u017c\u0105ce problemy przedsi\u0119biorc\u00f3w m.in. sk\u0142adek ZUS, nadmiernego opodatkowania czy te\u017c zbyt wielu skomplikowanych przepis\u00f3w prawa. Wa\u017cnym elementem konferencji by\u0142y warsztaty zwi\u0105zane prowadzeniem dzia\u0142alno\u015bci gospodarczej. Przedstawiane &#8230; <a title=\"Konferencja Rzecznika M\u015aP \u201ePo pierwsze gospodarka\u2026\u201d\" class=\"read-more\" href=\"http:\/\/ekoauto.org\/?p=4370\" aria-label=\"Read more about Konferencja Rzecznika M\u015aP \u201ePo pierwsze gospodarka\u2026\u201d\">Dowiedz si\u0119 wi\u0119cej<\/a><\/p>\n","protected":false},"author":2,"featured_media":0,"comment_status":"closed","ping_status":"closed","sticky":false,"template":"","format":"standard","meta":{"_monsterinsights_skip_tracking":false,"_monsterinsights_sitenote_active":false,"_monsterinsights_sitenote_note":"","_monsterinsights_sitenote_category":0,"footnotes":""},"categories":[1],"tags":[],"class_list":["post-4370","post","type-post","status-publish","format-standard","hentry","category-bez-kategorii"],"_links":{"self":[{"href":"http:\/\/ekoauto.org\/index.php?rest_route=\/wp\/v2\/posts\/4370","targetHints":{"allow":["GET"]}}],"collection":[{"href":"http:\/\/ekoauto.org\/index.php?rest_route=\/wp\/v2\/posts"}],"about":[{"href":"http:\/\/ekoauto.org\/index.php?rest_route=\/wp\/v2\/types\/post"}],"author":[{"embeddable":true,"href":"http:\/\/ekoauto.org\/index.php?rest_route=\/wp\/v2\/users\/2"}],"replies":[{"embeddable":true,"href":"http:\/\/ekoauto.org\/index.php?rest_route=%2Fwp%2Fv2%2Fcomments&post=4370"}],"version-history":[{"count":1,"href":"http:\/\/ekoauto.org\/index.php?rest_route=\/wp\/v2\/posts\/4370\/revisions"}],"predecessor-version":[{"id":4372,"href":"http:\/\/ekoauto.org\/index.php?rest_route=\/wp\/v2\/posts\/4370\/revisions\/4372"}],"wp:attachment":[{"href":"http:\/\/ekoauto.org\/index.php?rest_route=%2Fwp%2Fv2%2Fmedia&parent=4370"}],"wp:term":[{"taxonomy":"category","embeddable":true,"href":"http:\/\/ekoauto.org\/index.php?rest_route=%2Fwp%2Fv2%2Fcategories&post=4370"},{"taxonomy":"post_tag","embeddable":true,"href":"http:\/\/ekoauto.org\/index.php?rest_route=%2Fwp%2Fv2%2Ftags&post=4370"}],"curies":[{"name":"wp","href":"https:\/\/api.w.org\/{rel}","templated":true}]}}