{"id":4339,"date":"2025-05-12T15:37:17","date_gmt":"2025-05-12T13:37:17","guid":{"rendered":"https:\/\/ekoauto.org\/?p=4339"},"modified":"2025-05-12T15:37:18","modified_gmt":"2025-05-12T13:37:18","slug":"interwencja-eko-auto-w-sprawie-czasu-trwania-postepowan-adm","status":"publish","type":"post","link":"http:\/\/ekoauto.org\/?p=4339","title":{"rendered":"Interwencja EKO-AUTO w sprawie czasu trwania post\u0119powa\u0144 adm."},"content":{"rendered":"\n<p>Rzecznik Ma\u0142ych i \u015arednich Przedsi\u0119biorc\u00f3w Agnieszka Majewska skierowa\u0142a pismo do Ministry Pauliny Henning-Kloski w sprawie czasu trwania post\u0119powa\u0144 administracyjnych w sprawach o wydanie zezwole\u0144 na zbieranie i przetwarzanie odpad\u00f3w, prowadzonych zgodnie z ustaw\u0105 z dnia 14 grudnia 2012 r. o odpadach, co mo\u017ce stanowi\u0107 zagro\u017cenie dla terminu okre\u015blonego w art. 226a ust. 1 ustawy o odpadach. <\/p>\n\n\n\n<p>Interwencja zosta\u0142a podj\u0119ta m. in. z inicjatywy Stowarzyszenia EKO-AUTO. Na spotkaniu w grudniu 2024 roku prezes Jakub Smakulski podkre\u015bla\u0142, \u017ce termin obowi\u0105zywania zezwole\u0144 (31 grudnia 2025 roku) wskazany w ustawie nie pozwoli na zako\u0144czenie wszystkich post\u0119powa\u0144 prowadzonych dla stacji demonta\u017cu pojazd\u00f3w i skup\u00f3w z\u0142omu. Podczas spotkania zwr\u00f3cono si\u0119 z pro\u015bb\u0105 do przedstawicieli Ministerstwa \u015arodowiska i Klimatu o podj\u0119cie natychmiastowych dzia\u0142a\u0144 w celu unikni\u0119cia zagro\u017cenia utraty zezwole\u0144 i pozwole\u0144. Prezes Jakub Smakulski podczas bezpo\u015brednich rozm\u00f3w w kwietniu br. oraz wcze\u015bniej kierowanych pism podkre\u015bla\u0142, \u017ce czasu na zmian\u0119 przepis\u00f3w jest bardzo ma\u0142o.<br \/>Poni\u017cej przedstawiamy kopi\u0119 pisma<\/p>\n\n\n\n<div data-wp-interactive=\"core\/file\" class=\"wp-block-file\"><object data-wp-bind--hidden=\"!state.hasPdfPreview\" hidden class=\"wp-block-file__embed\" data=\"https:\/\/ekoauto.org\/wp-content\/uploads\/2025\/05\/2025.04.22-WPL.138.2025.DW_.pdf\" type=\"application\/pdf\" style=\"width:100%;height:600px\" aria-label=\"Osadzone z 2025.04.22 WPL.138.2025.DW.\"><\/object><a id=\"wp-block-file--media-ce16c7dd-903c-4455-b2f9-42aee2d7f7a6\" href=\"https:\/\/ekoauto.org\/wp-content\/uploads\/2025\/05\/2025.04.22-WPL.138.2025.DW_.pdf\">2025.04.22 WPL.138.2025.DW<\/a><a href=\"https:\/\/ekoauto.org\/wp-content\/uploads\/2025\/05\/2025.04.22-WPL.138.2025.DW_.pdf\" class=\"wp-block-file__button wp-element-button\" download aria-describedby=\"wp-block-file--media-ce16c7dd-903c-4455-b2f9-42aee2d7f7a6\">Pobierz<\/a><\/div>\n","protected":false},"excerpt":{"rendered":"<p>Rzecznik Ma\u0142ych i \u015arednich Przedsi\u0119biorc\u00f3w Agnieszka Majewska skierowa\u0142a pismo do Ministry Pauliny Henning-Kloski w sprawie czasu trwania post\u0119powa\u0144 administracyjnych w sprawach o wydanie zezwole\u0144 na zbieranie i przetwarzanie odpad\u00f3w, prowadzonych zgodnie z ustaw\u0105 z dnia 14 grudnia 2012 r. o odpadach, co mo\u017ce stanowi\u0107 zagro\u017cenie dla terminu okre\u015blonego w art. 226a ust. 1 ustawy o &#8230; <a title=\"Interwencja EKO-AUTO w sprawie czasu trwania post\u0119powa\u0144 adm.\" class=\"read-more\" href=\"http:\/\/ekoauto.org\/?p=4339\" aria-label=\"Read more about Interwencja EKO-AUTO w sprawie czasu trwania post\u0119powa\u0144 adm.\">Dowiedz si\u0119 wi\u0119cej<\/a><\/p>\n","protected":false},"author":2,"featured_media":0,"comment_status":"closed","ping_status":"closed","sticky":false,"template":"","format":"standard","meta":{"_monsterinsights_skip_tracking":false,"_monsterinsights_sitenote_active":false,"_monsterinsights_sitenote_note":"","_monsterinsights_sitenote_category":0,"footnotes":""},"categories":[1],"tags":[],"class_list":["post-4339","post","type-post","status-publish","format-standard","hentry","category-bez-kategorii"],"_links":{"self":[{"href":"http:\/\/ekoauto.org\/index.php?rest_route=\/wp\/v2\/posts\/4339","targetHints":{"allow":["GET"]}}],"collection":[{"href":"http:\/\/ekoauto.org\/index.php?rest_route=\/wp\/v2\/posts"}],"about":[{"href":"http:\/\/ekoauto.org\/index.php?rest_route=\/wp\/v2\/types\/post"}],"author":[{"embeddable":true,"href":"http:\/\/ekoauto.org\/index.php?rest_route=\/wp\/v2\/users\/2"}],"replies":[{"embeddable":true,"href":"http:\/\/ekoauto.org\/index.php?rest_route=%2Fwp%2Fv2%2Fcomments&post=4339"}],"version-history":[{"count":1,"href":"http:\/\/ekoauto.org\/index.php?rest_route=\/wp\/v2\/posts\/4339\/revisions"}],"predecessor-version":[{"id":4341,"href":"http:\/\/ekoauto.org\/index.php?rest_route=\/wp\/v2\/posts\/4339\/revisions\/4341"}],"wp:attachment":[{"href":"http:\/\/ekoauto.org\/index.php?rest_route=%2Fwp%2Fv2%2Fmedia&parent=4339"}],"wp:term":[{"taxonomy":"category","embeddable":true,"href":"http:\/\/ekoauto.org\/index.php?rest_route=%2Fwp%2Fv2%2Fcategories&post=4339"},{"taxonomy":"post_tag","embeddable":true,"href":"http:\/\/ekoauto.org\/index.php?rest_route=%2Fwp%2Fv2%2Ftags&post=4339"}],"curies":[{"name":"wp","href":"https:\/\/api.w.org\/{rel}","templated":true}]}}