{"id":4333,"date":"2025-04-22T13:36:36","date_gmt":"2025-04-22T11:36:36","guid":{"rendered":"http:\/\/ekoauto.org\/?p=4333"},"modified":"2025-04-22T13:36:37","modified_gmt":"2025-04-22T11:36:37","slug":"uwagi-projektu-w-sprawie-zmiany-cepik","status":"publish","type":"post","link":"http:\/\/ekoauto.org\/?p=4333","title":{"rendered":"Uwagi projektu w sprawie zmiany CEPiK"},"content":{"rendered":"\n<p>Stowarzyszenie EKO-AUTO zosta\u0142o poproszone o przeanalizowanie projektu i przedstawienie swojego stanowiska dotycz\u0105cego Rozporz\u0105dzenie Ministra Cyfryzacji zmieniaj\u0105cego rozporz\u0105dzenie w sprawie katalogu danych gromadzonych w centralnej ewidencji pojazd\u00f3w. Zesp\u00f3\u0142 ekspert\u00f3w zweryfikowa\u0142 planowane zmiany i podda\u0142 konsultacji specjalistom oraz cz\u0142onkom Stowarzyszenia. Stanowisko bran\u017cy zosta\u0142o przekazane Rzecznik Ma\u0142ych i \u015arednich Przedsi\u0119biorc\u00f3w p. Agnieszce Majewskiej.<\/p>\n","protected":false},"excerpt":{"rendered":"<p>Stowarzyszenie EKO-AUTO zosta\u0142o poproszone o przeanalizowanie projektu i przedstawienie swojego stanowiska dotycz\u0105cego Rozporz\u0105dzenie Ministra Cyfryzacji zmieniaj\u0105cego rozporz\u0105dzenie w sprawie katalogu danych gromadzonych w centralnej ewidencji pojazd\u00f3w. Zesp\u00f3\u0142 ekspert\u00f3w zweryfikowa\u0142 planowane zmiany i podda\u0142 konsultacji specjalistom oraz cz\u0142onkom Stowarzyszenia. Stanowisko bran\u017cy zosta\u0142o przekazane Rzecznik Ma\u0142ych i \u015arednich Przedsi\u0119biorc\u00f3w p. Agnieszce Majewskiej.<\/p>\n","protected":false},"author":2,"featured_media":0,"comment_status":"closed","ping_status":"closed","sticky":false,"template":"","format":"standard","meta":{"_monsterinsights_skip_tracking":false,"_monsterinsights_sitenote_active":false,"_monsterinsights_sitenote_note":"","_monsterinsights_sitenote_category":0,"footnotes":""},"categories":[1],"tags":[],"class_list":["post-4333","post","type-post","status-publish","format-standard","hentry","category-bez-kategorii"],"_links":{"self":[{"href":"http:\/\/ekoauto.org\/index.php?rest_route=\/wp\/v2\/posts\/4333","targetHints":{"allow":["GET"]}}],"collection":[{"href":"http:\/\/ekoauto.org\/index.php?rest_route=\/wp\/v2\/posts"}],"about":[{"href":"http:\/\/ekoauto.org\/index.php?rest_route=\/wp\/v2\/types\/post"}],"author":[{"embeddable":true,"href":"http:\/\/ekoauto.org\/index.php?rest_route=\/wp\/v2\/users\/2"}],"replies":[{"embeddable":true,"href":"http:\/\/ekoauto.org\/index.php?rest_route=%2Fwp%2Fv2%2Fcomments&post=4333"}],"version-history":[{"count":1,"href":"http:\/\/ekoauto.org\/index.php?rest_route=\/wp\/v2\/posts\/4333\/revisions"}],"predecessor-version":[{"id":4334,"href":"http:\/\/ekoauto.org\/index.php?rest_route=\/wp\/v2\/posts\/4333\/revisions\/4334"}],"wp:attachment":[{"href":"http:\/\/ekoauto.org\/index.php?rest_route=%2Fwp%2Fv2%2Fmedia&parent=4333"}],"wp:term":[{"taxonomy":"category","embeddable":true,"href":"http:\/\/ekoauto.org\/index.php?rest_route=%2Fwp%2Fv2%2Fcategories&post=4333"},{"taxonomy":"post_tag","embeddable":true,"href":"http:\/\/ekoauto.org\/index.php?rest_route=%2Fwp%2Fv2%2Ftags&post=4333"}],"curies":[{"name":"wp","href":"https:\/\/api.w.org\/{rel}","templated":true}]}}