{"id":4326,"date":"2025-04-15T17:50:00","date_gmt":"2025-04-15T15:50:00","guid":{"rendered":"http:\/\/ekoauto.org\/?p=4326"},"modified":"2025-04-16T11:51:55","modified_gmt":"2025-04-16T09:51:55","slug":"posiedzenie-komisji-sejmowej-do-spraw-deregulacji","status":"publish","type":"post","link":"http:\/\/ekoauto.org\/?p=4326","title":{"rendered":"Posiedzenie Komisji Sejmowej do Spraw Deregulacji"},"content":{"rendered":"<div class=\"wp-block-image\">\n<figure class=\"aligncenter size-full is-resized\"><img fetchpriority=\"high\" decoding=\"async\" width=\"800\" height=\"601\" src=\"http:\/\/ekoauto.org\/wp-content\/uploads\/2025\/04\/Sejm_RP_logo_and_wordmark.svg.png\" alt=\"\" class=\"wp-image-4327\" style=\"width:471px;height:auto\" srcset=\"http:\/\/ekoauto.org\/wp-content\/uploads\/2025\/04\/Sejm_RP_logo_and_wordmark.svg.png 800w, http:\/\/ekoauto.org\/wp-content\/uploads\/2025\/04\/Sejm_RP_logo_and_wordmark.svg-300x225.png 300w, http:\/\/ekoauto.org\/wp-content\/uploads\/2025\/04\/Sejm_RP_logo_and_wordmark.svg-768x577.png 768w\" sizes=\"(max-width: 800px) 100vw, 800px\" \/><\/figure>\n<\/div>\n\n\n<p>15 kwietnia 20225 roku prezes Jakub Smakulski reprezentowa\u0142 bran\u017c\u0119 recyklingu w pracach Komisji Sejmowej do Spraw Deregulacji. \u00a0Przedmiotem prac by\u0142 pakiet deregulacyjny zawarty w druku sejmowym nr 1108. Celem projektowanej ustawy jest wprowadzenie uproszcze\u0144 odnosz\u0105cych si\u0119 do dzia\u0142alno\u015bci gospodarczej na etapie rozpoczynania dzia\u0142alno\u015bci przez przedsi\u0119biorc\u0119 oraz rozwoju jego przedsi\u0119biorstwa w kolejnych latach. \u00a0Omawiane by\u0142y zagadnienia zwi\u0105zane z prowadzeniem post\u0119powa\u0144 administracyjnych. Zaproponowano wzmocnienie element\u00f3w post\u0119powa\u0144 takich jak mediacje. Z przeprowadzonej oceny skutk\u00f3w regulacji wynika, \u017ce mediacje, mimo ich zalet, nie sta\u0142y si\u0119 szeroko stosowanym narz\u0119dziem w sprawach administracyjnych. W najbli\u017cszym czasie zostanie ocenione czy ten element wp\u0142ynie na przyspieszenie post\u0119powa\u0144 administracyjnych czy tez na ich wyd\u0142u\u017cenie.<\/p>\n","protected":false},"excerpt":{"rendered":"<p>15 kwietnia 20225 roku prezes Jakub Smakulski reprezentowa\u0142 bran\u017c\u0119 recyklingu w pracach Komisji Sejmowej do Spraw Deregulacji. \u00a0Przedmiotem prac by\u0142 pakiet deregulacyjny zawarty w druku sejmowym nr 1108. Celem projektowanej ustawy jest wprowadzenie uproszcze\u0144 odnosz\u0105cych si\u0119 do dzia\u0142alno\u015bci gospodarczej na etapie rozpoczynania dzia\u0142alno\u015bci przez przedsi\u0119biorc\u0119 oraz rozwoju jego przedsi\u0119biorstwa w kolejnych latach. \u00a0Omawiane by\u0142y zagadnienia &#8230; <a title=\"Posiedzenie Komisji Sejmowej do Spraw Deregulacji\" class=\"read-more\" href=\"http:\/\/ekoauto.org\/?p=4326\" aria-label=\"Read more about Posiedzenie Komisji Sejmowej do Spraw Deregulacji\">Dowiedz si\u0119 wi\u0119cej<\/a><\/p>\n","protected":false},"author":2,"featured_media":0,"comment_status":"closed","ping_status":"closed","sticky":false,"template":"","format":"standard","meta":{"_monsterinsights_skip_tracking":false,"_monsterinsights_sitenote_active":false,"_monsterinsights_sitenote_note":"","_monsterinsights_sitenote_category":0,"footnotes":""},"categories":[1],"tags":[],"class_list":["post-4326","post","type-post","status-publish","format-standard","hentry","category-bez-kategorii"],"_links":{"self":[{"href":"http:\/\/ekoauto.org\/index.php?rest_route=\/wp\/v2\/posts\/4326","targetHints":{"allow":["GET"]}}],"collection":[{"href":"http:\/\/ekoauto.org\/index.php?rest_route=\/wp\/v2\/posts"}],"about":[{"href":"http:\/\/ekoauto.org\/index.php?rest_route=\/wp\/v2\/types\/post"}],"author":[{"embeddable":true,"href":"http:\/\/ekoauto.org\/index.php?rest_route=\/wp\/v2\/users\/2"}],"replies":[{"embeddable":true,"href":"http:\/\/ekoauto.org\/index.php?rest_route=%2Fwp%2Fv2%2Fcomments&post=4326"}],"version-history":[{"count":1,"href":"http:\/\/ekoauto.org\/index.php?rest_route=\/wp\/v2\/posts\/4326\/revisions"}],"predecessor-version":[{"id":4328,"href":"http:\/\/ekoauto.org\/index.php?rest_route=\/wp\/v2\/posts\/4326\/revisions\/4328"}],"wp:attachment":[{"href":"http:\/\/ekoauto.org\/index.php?rest_route=%2Fwp%2Fv2%2Fmedia&parent=4326"}],"wp:term":[{"taxonomy":"category","embeddable":true,"href":"http:\/\/ekoauto.org\/index.php?rest_route=%2Fwp%2Fv2%2Fcategories&post=4326"},{"taxonomy":"post_tag","embeddable":true,"href":"http:\/\/ekoauto.org\/index.php?rest_route=%2Fwp%2Fv2%2Ftags&post=4326"}],"curies":[{"name":"wp","href":"https:\/\/api.w.org\/{rel}","templated":true}]}}