{"id":4308,"date":"2025-04-03T09:27:07","date_gmt":"2025-04-03T07:27:07","guid":{"rendered":"https:\/\/ekoauto.org\/?p=4308"},"modified":"2025-04-03T09:27:08","modified_gmt":"2025-04-03T07:27:08","slug":"w-centralnej-ewidencji-pojazdow-bedzie-wiecej-danych-o-zlomowanych-pojazdach","status":"publish","type":"post","link":"http:\/\/ekoauto.org\/?p=4308","title":{"rendered":"W Centralnej Ewidencji Pojazd\u00f3w b\u0119dzie wi\u0119cej danych o z\u0142omowanych pojazdach"},"content":{"rendered":"\n<p>Marsza\u0142kowie wojew\u00f3dztw, stacje demonta\u017cu pojazd\u00f3w i punkty zbierania pojazd\u00f3w b\u0119d\u0105 zasila\u0107 Centraln\u0105 Ewidencj\u0119 Pojazd\u00f3w o nowe dane dotycz\u0105ce zez\u0142omowanych pojazd\u00f3w oraz stacji i punkt\u00f3w, kt\u00f3re si\u0119 tym zajmuj\u0105. Projektowana nowelizacja rozporz\u0105dzenia ministra cyfryzacji uzupe\u0142nia te\u017c katalog danych gromadzonych w ewidencji o nowe informacje na potrzeby Systemu Poboru Op\u0142aty Elektronicznej KAS.<\/p>\n\n\n\n<p>Zgodnie z projektem w Centralnej Ewidencji Pojazd\u00f3w ewidencji w ramach danych o demonta\u017cu pojazdu lub przyj\u0119ciu niekompletnego pojazdu maj\u0105 pojawi\u0107 si\u0119 informacje w zakresie:<\/p>\n\n\n\n<ul class=\"wp-block-list\">\n<li>obywatelstwa w\u0142a\u015bciciela pojazdu zamieszczonego w za\u015bwiadczeniu, je\u017celi dotyczy,<\/li>\n\n\n\n<li>masy pojazdu wycofanego z eksploatacji, o kt\u00f3rej mowa w art. 3 pkt 2a ustawy z 20 stycznia 2005 r. o recyklingu pojazd\u00f3w wycofanych z eksploatacji,<\/li>\n\n\n\n<li>informacji, czy dane o demonta\u017cu zosta\u0142y przekazane do ewidencji na podstawie art. 80bc ustawy,<\/li>\n\n\n\n<li>imienia i nazwiska osoby, kt\u00f3ra wyda\u0142a za\u015bwiadczenie o demonta\u017cu pojazdu,<\/li>\n\n\n\n<li>informacji o uniewa\u017cnieniu dowodu rejestracyjnego, pozwolenia czasowego, tablic rejestracyjnych oraz znak\u00f3w legalizacyjnych,<\/li>\n\n\n\n<li>serii i numeru dowodu rejestracyjnego albo pozwolenia czasowego albo rodzaju i numeru dokumentu potwierdzaj\u0105cego dane zawarte w dowodzie rejestracyjnym,<\/li>\n\n\n\n<li>informacji o utracie dowodu rejestracyjnego albo pozwolenia czasowego.<\/li>\n<\/ul>\n\n\n\n<p><strong>Czytaj wi\u0119cej na Prawo.pl:<\/strong><br \/>\u0179r\u00f3d\u0142o: https:\/\/www.prawo.pl\/samorzad\/dane-o-zdemontowanych-pojazdach-w-centralnej-ewidencji-pojazdow,532305.html [dost\u0119p 03.04.2025]<\/p>\n\n\n\n<p>Projekt rozporz\u0105dzenia<\/p>\n\n\n\n<div data-wp-interactive=\"core\/file\" class=\"wp-block-file\"><object data-wp-bind--hidden=\"!state.hasPdfPreview\" hidden class=\"wp-block-file__embed\" data=\"https:\/\/ekoauto.org\/wp-content\/uploads\/2025\/04\/projekt-MC.pdf\" type=\"application\/pdf\" style=\"width:100%;height:600px\" aria-label=\"Osadzone z projekt MC.\"><\/object><a id=\"wp-block-file--media-6b7458a0-d11b-46ee-a913-b29529533524\" href=\"https:\/\/ekoauto.org\/wp-content\/uploads\/2025\/04\/projekt-MC.pdf\">projekt MC<\/a><a href=\"https:\/\/ekoauto.org\/wp-content\/uploads\/2025\/04\/projekt-MC.pdf\" class=\"wp-block-file__button wp-element-button\" download aria-describedby=\"wp-block-file--media-6b7458a0-d11b-46ee-a913-b29529533524\">Pobierz<\/a><\/div>\n","protected":false},"excerpt":{"rendered":"<p>Marsza\u0142kowie wojew\u00f3dztw, stacje demonta\u017cu pojazd\u00f3w i punkty zbierania pojazd\u00f3w b\u0119d\u0105 zasila\u0107 Centraln\u0105 Ewidencj\u0119 Pojazd\u00f3w o nowe dane dotycz\u0105ce zez\u0142omowanych pojazd\u00f3w oraz stacji i punkt\u00f3w, kt\u00f3re si\u0119 tym zajmuj\u0105. Projektowana nowelizacja rozporz\u0105dzenia ministra cyfryzacji uzupe\u0142nia te\u017c katalog danych gromadzonych w ewidencji o nowe informacje na potrzeby Systemu Poboru Op\u0142aty Elektronicznej KAS. Zgodnie z projektem w Centralnej &#8230; <a title=\"W Centralnej Ewidencji Pojazd\u00f3w b\u0119dzie wi\u0119cej danych o z\u0142omowanych pojazdach\" class=\"read-more\" href=\"http:\/\/ekoauto.org\/?p=4308\" aria-label=\"Read more about W Centralnej Ewidencji Pojazd\u00f3w b\u0119dzie wi\u0119cej danych o z\u0142omowanych pojazdach\">Dowiedz si\u0119 wi\u0119cej<\/a><\/p>\n","protected":false},"author":2,"featured_media":0,"comment_status":"closed","ping_status":"closed","sticky":false,"template":"","format":"standard","meta":{"_monsterinsights_skip_tracking":false,"_monsterinsights_sitenote_active":false,"_monsterinsights_sitenote_note":"","_monsterinsights_sitenote_category":0,"footnotes":""},"categories":[1],"tags":[],"class_list":["post-4308","post","type-post","status-publish","format-standard","hentry","category-bez-kategorii"],"_links":{"self":[{"href":"http:\/\/ekoauto.org\/index.php?rest_route=\/wp\/v2\/posts\/4308","targetHints":{"allow":["GET"]}}],"collection":[{"href":"http:\/\/ekoauto.org\/index.php?rest_route=\/wp\/v2\/posts"}],"about":[{"href":"http:\/\/ekoauto.org\/index.php?rest_route=\/wp\/v2\/types\/post"}],"author":[{"embeddable":true,"href":"http:\/\/ekoauto.org\/index.php?rest_route=\/wp\/v2\/users\/2"}],"replies":[{"embeddable":true,"href":"http:\/\/ekoauto.org\/index.php?rest_route=%2Fwp%2Fv2%2Fcomments&post=4308"}],"version-history":[{"count":1,"href":"http:\/\/ekoauto.org\/index.php?rest_route=\/wp\/v2\/posts\/4308\/revisions"}],"predecessor-version":[{"id":4311,"href":"http:\/\/ekoauto.org\/index.php?rest_route=\/wp\/v2\/posts\/4308\/revisions\/4311"}],"wp:attachment":[{"href":"http:\/\/ekoauto.org\/index.php?rest_route=%2Fwp%2Fv2%2Fmedia&parent=4308"}],"wp:term":[{"taxonomy":"category","embeddable":true,"href":"http:\/\/ekoauto.org\/index.php?rest_route=%2Fwp%2Fv2%2Fcategories&post=4308"},{"taxonomy":"post_tag","embeddable":true,"href":"http:\/\/ekoauto.org\/index.php?rest_route=%2Fwp%2Fv2%2Ftags&post=4308"}],"curies":[{"name":"wp","href":"https:\/\/api.w.org\/{rel}","templated":true}]}}