{"id":4292,"date":"2025-03-18T08:52:07","date_gmt":"2025-03-18T07:52:07","guid":{"rendered":"http:\/\/ekoauto.org\/?p=4292"},"modified":"2025-03-20T08:52:35","modified_gmt":"2025-03-20T07:52:35","slug":"posiedzenie-podkomisji-stalej-ds-monitorowania-gospodarki-odpadami-3","status":"publish","type":"post","link":"http:\/\/ekoauto.org\/?p=4292","title":{"rendered":"Posiedzenie Podkomisji sta\u0142ej ds. monitorowania gospodarki odpadami"},"content":{"rendered":"\n<p>18 marca odby\u0142o si\u0119 posiedzenie Podkomisji sta\u0142ej ds. monitorowania gospodarki odpadami. Przedmiotem posiedzenia by\u0142o przedstawienie przez Wiceministr\u0119 Anit\u0119 Sowi\u0144sk\u0105 za\u0142o\u017ce\u0144 polskiego modelu ROP.<br \/>Podczas obrad prezes Jakub Smakulski zwr\u00f3ci\u0142 uwag\u0119, aby w systemie byli obecni i na r\u00f3wni traktowani zbieraj\u0105cy odpady opakowaniowe. Za strumie\u0144 nie s\u0105 odpowiedzialne tylko gminy, ale g\u0142\u00f3wnie przedsi\u0119biorcy prowadz\u0105cy zbieranie m. in. na skupach z\u0142omu. Przedsi\u0119biorcy ci powinni mie\u0107 mo\u017cliwo\u015b\u0107 zbierania odpad\u00f3w w ramach uzyskanych zezwole\u0144. Podczas procedowania projektu ustawy nale\u017cy by\u0107 ostro\u017cnym, aby nie wprowadza\u0107 do systemu podmiot\u00f3w, kt\u00f3re nie b\u0119d\u0105 posiada\u0142y uregulowa\u0144 w tym zakresie. Wskazano r\u00f3wnie\u017c aby analizy statystyczne i wynikaj\u0105ce z tego propozycje stawek op\u0142at nie bazowa\u0142y tylko na BDO, poniewa\u017c system ten nie zawiera w pe\u0142ni wiarygodnych danych na temat wprowadzaj\u0105cych opakowania. Na sam koniec prezes podkre\u015bli\u0142, \u017ce wspomniana wcze\u015bniej op\u0142ata recyklingowa dotycz\u0105ca pojazd\u00f3w wycofanych z eksploatacji w kwocie ponad 1,5 mld z\u0142otych zosta\u0142a przeznaczona na inne projekty ni\u017c wsparcie bran\u017cy recyklingu. Stacje demonta\u017cu pojazd\u00f3w nie mia\u0142y mo\u017cliwo\u015bci zagospodarowania ca\u0142ej kwoty ze wzgl\u0119du na przepisy, a nie brak mo\u017cliwo\u015bci przerobowych.<br \/><\/p>\n","protected":false},"excerpt":{"rendered":"<p>18 marca odby\u0142o si\u0119 posiedzenie Podkomisji sta\u0142ej ds. monitorowania gospodarki odpadami. Przedmiotem posiedzenia by\u0142o przedstawienie przez Wiceministr\u0119 Anit\u0119 Sowi\u0144sk\u0105 za\u0142o\u017ce\u0144 polskiego modelu ROP.Podczas obrad prezes Jakub Smakulski zwr\u00f3ci\u0142 uwag\u0119, aby w systemie byli obecni i na r\u00f3wni traktowani zbieraj\u0105cy odpady opakowaniowe. Za strumie\u0144 nie s\u0105 odpowiedzialne tylko gminy, ale g\u0142\u00f3wnie przedsi\u0119biorcy prowadz\u0105cy zbieranie m. in. &#8230; <a title=\"Posiedzenie Podkomisji sta\u0142ej ds. monitorowania gospodarki odpadami\" class=\"read-more\" href=\"http:\/\/ekoauto.org\/?p=4292\" aria-label=\"Read more about Posiedzenie Podkomisji sta\u0142ej ds. monitorowania gospodarki odpadami\">Dowiedz si\u0119 wi\u0119cej<\/a><\/p>\n","protected":false},"author":2,"featured_media":0,"comment_status":"closed","ping_status":"closed","sticky":false,"template":"","format":"standard","meta":{"_monsterinsights_skip_tracking":false,"_monsterinsights_sitenote_active":false,"_monsterinsights_sitenote_note":"","_monsterinsights_sitenote_category":0,"footnotes":""},"categories":[1],"tags":[],"class_list":["post-4292","post","type-post","status-publish","format-standard","hentry","category-bez-kategorii"],"_links":{"self":[{"href":"http:\/\/ekoauto.org\/index.php?rest_route=\/wp\/v2\/posts\/4292","targetHints":{"allow":["GET"]}}],"collection":[{"href":"http:\/\/ekoauto.org\/index.php?rest_route=\/wp\/v2\/posts"}],"about":[{"href":"http:\/\/ekoauto.org\/index.php?rest_route=\/wp\/v2\/types\/post"}],"author":[{"embeddable":true,"href":"http:\/\/ekoauto.org\/index.php?rest_route=\/wp\/v2\/users\/2"}],"replies":[{"embeddable":true,"href":"http:\/\/ekoauto.org\/index.php?rest_route=%2Fwp%2Fv2%2Fcomments&post=4292"}],"version-history":[{"count":1,"href":"http:\/\/ekoauto.org\/index.php?rest_route=\/wp\/v2\/posts\/4292\/revisions"}],"predecessor-version":[{"id":4293,"href":"http:\/\/ekoauto.org\/index.php?rest_route=\/wp\/v2\/posts\/4292\/revisions\/4293"}],"wp:attachment":[{"href":"http:\/\/ekoauto.org\/index.php?rest_route=%2Fwp%2Fv2%2Fmedia&parent=4292"}],"wp:term":[{"taxonomy":"category","embeddable":true,"href":"http:\/\/ekoauto.org\/index.php?rest_route=%2Fwp%2Fv2%2Fcategories&post=4292"},{"taxonomy":"post_tag","embeddable":true,"href":"http:\/\/ekoauto.org\/index.php?rest_route=%2Fwp%2Fv2%2Ftags&post=4292"}],"curies":[{"name":"wp","href":"https:\/\/api.w.org\/{rel}","templated":true}]}}