{"id":4286,"date":"2025-03-18T09:05:07","date_gmt":"2025-03-18T08:05:07","guid":{"rendered":"http:\/\/ekoauto.org\/?p=4286"},"modified":"2025-03-19T09:10:02","modified_gmt":"2025-03-19T08:10:02","slug":"pozytywne-wiadomosci-z-komisji-europejskiej-odnosnie-pozwolen-zintegrowanych","status":"publish","type":"post","link":"http:\/\/ekoauto.org\/?p=4286","title":{"rendered":"Pozytywne wiadomo\u015bci z Komisji Europejskiej odno\u015bnie pozwole\u0144 zintegrowanych"},"content":{"rendered":"\n<figure class=\"wp-block-image size-full\"><img fetchpriority=\"high\" decoding=\"async\" width=\"915\" height=\"611\" src=\"http:\/\/ekoauto.org\/wp-content\/uploads\/2025\/03\/0007GB35JPXK3PDN-C123-F4.jpg\" alt=\"\" class=\"wp-image-4287\" srcset=\"http:\/\/ekoauto.org\/wp-content\/uploads\/2025\/03\/0007GB35JPXK3PDN-C123-F4.jpg 915w, http:\/\/ekoauto.org\/wp-content\/uploads\/2025\/03\/0007GB35JPXK3PDN-C123-F4-300x200.jpg 300w, http:\/\/ekoauto.org\/wp-content\/uploads\/2025\/03\/0007GB35JPXK3PDN-C123-F4-768x513.jpg 768w\" sizes=\"(max-width: 915px) 100vw, 915px\" \/><\/figure>\n\n\n\n<p>Dzi\u0119ki dzia\u0142aniom Stowarzyszenia EKO-AUTO w Komisji Europejskiej oraz spotkaniom z przedstawicielami parlamentu uda\u0142o si\u0119 uzyska\u0107 wst\u0119pn\u0105 informacj\u0119 o zaniechaniu obowi\u0105zku posiadania pozwolenia zintegrowanego dla stacji demonta\u017cu pojazd\u00f3w i skup\u00f3w z\u0142omu. Ministerstwo Klimatu i \u015arodowiska planuje wyda\u0107 odpowiednie instrukcje dla Marsza\u0142k\u00f3w Wojew\u00f3dztw oraz do Inspekcji Ochrony \u015arodowiska. Szczeg\u00f3\u0142owe informacje przeka\u017cemy cz\u0142onkom Stowarzyszenia po otrzymaniu oficjalnego komunikatu.<\/p>\n","protected":false},"excerpt":{"rendered":"<p>Dzi\u0119ki dzia\u0142aniom Stowarzyszenia EKO-AUTO w Komisji Europejskiej oraz spotkaniom z przedstawicielami parlamentu uda\u0142o si\u0119 uzyska\u0107 wst\u0119pn\u0105 informacj\u0119 o zaniechaniu obowi\u0105zku posiadania pozwolenia zintegrowanego dla stacji demonta\u017cu pojazd\u00f3w i skup\u00f3w z\u0142omu. Ministerstwo Klimatu i \u015arodowiska planuje wyda\u0107 odpowiednie instrukcje dla Marsza\u0142k\u00f3w Wojew\u00f3dztw oraz do Inspekcji Ochrony \u015arodowiska. Szczeg\u00f3\u0142owe informacje przeka\u017cemy cz\u0142onkom Stowarzyszenia po otrzymaniu oficjalnego komunikatu.<\/p>\n","protected":false},"author":2,"featured_media":0,"comment_status":"closed","ping_status":"closed","sticky":false,"template":"","format":"standard","meta":{"_monsterinsights_skip_tracking":false,"_monsterinsights_sitenote_active":false,"_monsterinsights_sitenote_note":"","_monsterinsights_sitenote_category":0,"footnotes":""},"categories":[1],"tags":[],"class_list":["post-4286","post","type-post","status-publish","format-standard","hentry","category-bez-kategorii"],"_links":{"self":[{"href":"http:\/\/ekoauto.org\/index.php?rest_route=\/wp\/v2\/posts\/4286","targetHints":{"allow":["GET"]}}],"collection":[{"href":"http:\/\/ekoauto.org\/index.php?rest_route=\/wp\/v2\/posts"}],"about":[{"href":"http:\/\/ekoauto.org\/index.php?rest_route=\/wp\/v2\/types\/post"}],"author":[{"embeddable":true,"href":"http:\/\/ekoauto.org\/index.php?rest_route=\/wp\/v2\/users\/2"}],"replies":[{"embeddable":true,"href":"http:\/\/ekoauto.org\/index.php?rest_route=%2Fwp%2Fv2%2Fcomments&post=4286"}],"version-history":[{"count":1,"href":"http:\/\/ekoauto.org\/index.php?rest_route=\/wp\/v2\/posts\/4286\/revisions"}],"predecessor-version":[{"id":4288,"href":"http:\/\/ekoauto.org\/index.php?rest_route=\/wp\/v2\/posts\/4286\/revisions\/4288"}],"wp:attachment":[{"href":"http:\/\/ekoauto.org\/index.php?rest_route=%2Fwp%2Fv2%2Fmedia&parent=4286"}],"wp:term":[{"taxonomy":"category","embeddable":true,"href":"http:\/\/ekoauto.org\/index.php?rest_route=%2Fwp%2Fv2%2Fcategories&post=4286"},{"taxonomy":"post_tag","embeddable":true,"href":"http:\/\/ekoauto.org\/index.php?rest_route=%2Fwp%2Fv2%2Ftags&post=4286"}],"curies":[{"name":"wp","href":"https:\/\/api.w.org\/{rel}","templated":true}]}}