{"id":4270,"date":"2024-12-20T16:00:48","date_gmt":"2024-12-20T15:00:48","guid":{"rendered":"http:\/\/ekoauto.org\/?p=4270"},"modified":"2024-12-20T16:00:49","modified_gmt":"2024-12-20T15:00:49","slug":"posiedzenie-komisji-gospodarki-i-rozwoju","status":"publish","type":"post","link":"http:\/\/ekoauto.org\/?p=4270","title":{"rendered":"Posiedzenie Komisji Gospodarki i Rozwoju"},"content":{"rendered":"\n<figure class=\"wp-block-image size-full\"><img fetchpriority=\"high\" decoding=\"async\" width=\"800\" height=\"601\" src=\"http:\/\/ekoauto.org\/wp-content\/uploads\/2024\/12\/Sejm_RP_logo_and_wordmark.svg.png\" alt=\"\" class=\"wp-image-4271\" srcset=\"http:\/\/ekoauto.org\/wp-content\/uploads\/2024\/12\/Sejm_RP_logo_and_wordmark.svg.png 800w, http:\/\/ekoauto.org\/wp-content\/uploads\/2024\/12\/Sejm_RP_logo_and_wordmark.svg-300x225.png 300w, http:\/\/ekoauto.org\/wp-content\/uploads\/2024\/12\/Sejm_RP_logo_and_wordmark.svg-768x577.png 768w\" sizes=\"(max-width: 800px) 100vw, 800px\" \/><\/figure>\n\n\n\n<p>18 grudnia 2024 r. odby\u0142o si\u0119 posiedzenie Komisji Gospodarki i Rozwoju po\u015bwi\u0119cone zagadnieniom ESG oraz raportowania zr\u00f3wnowa\u017conego rozwoju. Prezes Jakub Smakulski uczestniczy\u0142 w posiedzeniu jako przedstawiciel strony bran\u017cowej i spo\u0142ecznej. Przedstawiciele organizacji informowali pos\u0142\u00f3w o swoich obawach zwi\u0105zanych z nowymi obowi\u0105zkami. Przedstawiano wyliczenia koszt\u00f3w, kt\u00f3re b\u0119d\u0105 musieli ponie\u015b\u0107 przedsi\u0119biorcy, kt\u00f3rzy b\u0119d\u0105 zobowi\u0105zani do z\u0142o\u017cenia pe\u0142nych raport\u00f3w. Prezes Smakulski podkre\u015bli\u0142, \u017ce w celu u\u0142atwienia realizacji zada\u0144 raportowych tworzone s\u0105 narz\u0119dzia, kt\u00f3re maj\u0105 u\u0142atwi\u0107 prac\u0119 m. in. zak\u0142adom przetwarzania odpad\u00f3w. Stowarzyszenie EKO-AUTO na bie\u017c\u0105co monitoruje sytuacj\u0119 pod wzgl\u0119dem obj\u0119cia nowymi obowi\u0105zkami stacji demonta\u017cu pojazd\u00f3w.<\/p>\n","protected":false},"excerpt":{"rendered":"<p>18 grudnia 2024 r. odby\u0142o si\u0119 posiedzenie Komisji Gospodarki i Rozwoju po\u015bwi\u0119cone zagadnieniom ESG oraz raportowania zr\u00f3wnowa\u017conego rozwoju. Prezes Jakub Smakulski uczestniczy\u0142 w posiedzeniu jako przedstawiciel strony bran\u017cowej i spo\u0142ecznej. Przedstawiciele organizacji informowali pos\u0142\u00f3w o swoich obawach zwi\u0105zanych z nowymi obowi\u0105zkami. Przedstawiano wyliczenia koszt\u00f3w, kt\u00f3re b\u0119d\u0105 musieli ponie\u015b\u0107 przedsi\u0119biorcy, kt\u00f3rzy b\u0119d\u0105 zobowi\u0105zani do z\u0142o\u017cenia pe\u0142nych &#8230; <a title=\"Posiedzenie Komisji Gospodarki i Rozwoju\" class=\"read-more\" href=\"http:\/\/ekoauto.org\/?p=4270\" aria-label=\"Read more about Posiedzenie Komisji Gospodarki i Rozwoju\">Dowiedz si\u0119 wi\u0119cej<\/a><\/p>\n","protected":false},"author":2,"featured_media":0,"comment_status":"closed","ping_status":"closed","sticky":false,"template":"","format":"standard","meta":{"_monsterinsights_skip_tracking":false,"_monsterinsights_sitenote_active":false,"_monsterinsights_sitenote_note":"","_monsterinsights_sitenote_category":0,"footnotes":""},"categories":[1],"tags":[],"class_list":["post-4270","post","type-post","status-publish","format-standard","hentry","category-bez-kategorii"],"_links":{"self":[{"href":"http:\/\/ekoauto.org\/index.php?rest_route=\/wp\/v2\/posts\/4270","targetHints":{"allow":["GET"]}}],"collection":[{"href":"http:\/\/ekoauto.org\/index.php?rest_route=\/wp\/v2\/posts"}],"about":[{"href":"http:\/\/ekoauto.org\/index.php?rest_route=\/wp\/v2\/types\/post"}],"author":[{"embeddable":true,"href":"http:\/\/ekoauto.org\/index.php?rest_route=\/wp\/v2\/users\/2"}],"replies":[{"embeddable":true,"href":"http:\/\/ekoauto.org\/index.php?rest_route=%2Fwp%2Fv2%2Fcomments&post=4270"}],"version-history":[{"count":1,"href":"http:\/\/ekoauto.org\/index.php?rest_route=\/wp\/v2\/posts\/4270\/revisions"}],"predecessor-version":[{"id":4272,"href":"http:\/\/ekoauto.org\/index.php?rest_route=\/wp\/v2\/posts\/4270\/revisions\/4272"}],"wp:attachment":[{"href":"http:\/\/ekoauto.org\/index.php?rest_route=%2Fwp%2Fv2%2Fmedia&parent=4270"}],"wp:term":[{"taxonomy":"category","embeddable":true,"href":"http:\/\/ekoauto.org\/index.php?rest_route=%2Fwp%2Fv2%2Fcategories&post=4270"},{"taxonomy":"post_tag","embeddable":true,"href":"http:\/\/ekoauto.org\/index.php?rest_route=%2Fwp%2Fv2%2Ftags&post=4270"}],"curies":[{"name":"wp","href":"https:\/\/api.w.org\/{rel}","templated":true}]}}