{"id":4259,"date":"2024-11-30T13:11:09","date_gmt":"2024-11-30T12:11:09","guid":{"rendered":"http:\/\/ekoauto.org\/?p=4259"},"modified":"2024-12-09T13:14:01","modified_gmt":"2024-12-09T12:14:01","slug":"konferencja-przedsiebiorcy-w-obliczu-nadchodzacych-zmian-warszawa","status":"publish","type":"post","link":"http:\/\/ekoauto.org\/?p=4259","title":{"rendered":"Konferencja \u201ePrzedsi\u0119biorcy w obliczu nadchodz\u0105cych zmian\u201d &#8211; Warszawa"},"content":{"rendered":"<div class=\"wp-block-image\">\n<figure class=\"aligncenter size-full is-resized\"><img fetchpriority=\"high\" decoding=\"async\" width=\"604\" height=\"714\" src=\"http:\/\/ekoauto.org\/wp-content\/uploads\/2024\/12\/image001.png\" alt=\"\" class=\"wp-image-4260\" style=\"width:389px;height:auto\" srcset=\"http:\/\/ekoauto.org\/wp-content\/uploads\/2024\/12\/image001.png 604w, http:\/\/ekoauto.org\/wp-content\/uploads\/2024\/12\/image001-254x300.png 254w\" sizes=\"(max-width: 604px) 100vw, 604px\" \/><\/figure>\n<\/div>\n\n\n<p>29 listopada 2024 r. na zaproszenie Wicemarsza\u0142ka Senatu pana Micha\u0142a Kami\u0144skiego oraz pani Rzecznik Ma\u0142ych i \u015arednich Przedsi\u0119biorc\u00f3w Agnieszki Majewskiej prezes Jakub Smakulski uczestniczy\u0142 w konferencji: &#8222;Przedsi\u0119biorcy w obliczu nadchodz\u0105cych zmian&#8221;, kt\u00f3ra odby\u0142a si\u0119 w gmachu Senatu RP. Konferencja zosta\u0142a zorganizowana z inicjatywy Ministry Agnieszki Majewskiej, Rzecznika Ma\u0142ych i \u015arednich Przedsi\u0119biorc\u00f3w i zgromadzi\u0142a przedstawicieli \u015brodowisk biznesowych, naukowych, administracji publicznej oraz medi\u00f3w. W imieniu bran\u017cy recyklingu pojazd\u00f3w wycofanych z eksploatacji, podczas rozm\u00f3w kuluarowych podkre\u015blono problemy przedsi\u0119biorc\u00f3w dotycz\u0105ce walki z szar\u0105 stref\u0105 oraz uzyskiwania nowych zezwole\u0144 na przetwarzanie i zbieranie odpad\u00f3w. Proponowane nowe regulacje nie rozwi\u0105zuj\u0105 prawdziwych problem\u00f3w recykler\u00f3w. Przedsi\u0119biorcy obawiaj\u0105 si\u0119 nadmiernego wzrostu koszt\u00f3w administracyjnych oraz koszt\u00f3w pracy. Jest to szczeg\u00f3lnie wa\u017cny aspekt zw\u0142aszcza dla ma\u0142ych i \u015brednich rodzinnych firm.<\/p>\n","protected":false},"excerpt":{"rendered":"<p>29 listopada 2024 r. na zaproszenie Wicemarsza\u0142ka Senatu pana Micha\u0142a Kami\u0144skiego oraz pani Rzecznik Ma\u0142ych i \u015arednich Przedsi\u0119biorc\u00f3w Agnieszki Majewskiej prezes Jakub Smakulski uczestniczy\u0142 w konferencji: &#8222;Przedsi\u0119biorcy w obliczu nadchodz\u0105cych zmian&#8221;, kt\u00f3ra odby\u0142a si\u0119 w gmachu Senatu RP. Konferencja zosta\u0142a zorganizowana z inicjatywy Ministry Agnieszki Majewskiej, Rzecznika Ma\u0142ych i \u015arednich Przedsi\u0119biorc\u00f3w i zgromadzi\u0142a przedstawicieli \u015brodowisk &#8230; <a title=\"Konferencja \u201ePrzedsi\u0119biorcy w obliczu nadchodz\u0105cych zmian\u201d &#8211; Warszawa\" class=\"read-more\" href=\"http:\/\/ekoauto.org\/?p=4259\" aria-label=\"Read more about Konferencja \u201ePrzedsi\u0119biorcy w obliczu nadchodz\u0105cych zmian\u201d &#8211; Warszawa\">Dowiedz si\u0119 wi\u0119cej<\/a><\/p>\n","protected":false},"author":2,"featured_media":0,"comment_status":"closed","ping_status":"closed","sticky":false,"template":"","format":"standard","meta":{"_monsterinsights_skip_tracking":false,"_monsterinsights_sitenote_active":false,"_monsterinsights_sitenote_note":"","_monsterinsights_sitenote_category":0,"footnotes":""},"categories":[1],"tags":[],"class_list":["post-4259","post","type-post","status-publish","format-standard","hentry","category-bez-kategorii"],"_links":{"self":[{"href":"http:\/\/ekoauto.org\/index.php?rest_route=\/wp\/v2\/posts\/4259","targetHints":{"allow":["GET"]}}],"collection":[{"href":"http:\/\/ekoauto.org\/index.php?rest_route=\/wp\/v2\/posts"}],"about":[{"href":"http:\/\/ekoauto.org\/index.php?rest_route=\/wp\/v2\/types\/post"}],"author":[{"embeddable":true,"href":"http:\/\/ekoauto.org\/index.php?rest_route=\/wp\/v2\/users\/2"}],"replies":[{"embeddable":true,"href":"http:\/\/ekoauto.org\/index.php?rest_route=%2Fwp%2Fv2%2Fcomments&post=4259"}],"version-history":[{"count":1,"href":"http:\/\/ekoauto.org\/index.php?rest_route=\/wp\/v2\/posts\/4259\/revisions"}],"predecessor-version":[{"id":4261,"href":"http:\/\/ekoauto.org\/index.php?rest_route=\/wp\/v2\/posts\/4259\/revisions\/4261"}],"wp:attachment":[{"href":"http:\/\/ekoauto.org\/index.php?rest_route=%2Fwp%2Fv2%2Fmedia&parent=4259"}],"wp:term":[{"taxonomy":"category","embeddable":true,"href":"http:\/\/ekoauto.org\/index.php?rest_route=%2Fwp%2Fv2%2Fcategories&post=4259"},{"taxonomy":"post_tag","embeddable":true,"href":"http:\/\/ekoauto.org\/index.php?rest_route=%2Fwp%2Fv2%2Ftags&post=4259"}],"curies":[{"name":"wp","href":"https:\/\/api.w.org\/{rel}","templated":true}]}}