{"id":4256,"date":"2024-11-26T13:06:17","date_gmt":"2024-11-26T12:06:17","guid":{"rendered":"http:\/\/ekoauto.org\/?p=4256"},"modified":"2024-12-09T13:14:18","modified_gmt":"2024-12-09T12:14:18","slug":"konferencja-przedsiebiorcy-w-obliczu-nadchodzacych-zmian","status":"publish","type":"post","link":"http:\/\/ekoauto.org\/?p=4256","title":{"rendered":"Konferencja \u201ePrzedsi\u0119biorcy w obliczu nadchodz\u0105cych zmian\u201d &#8211; Gda\u0144sk"},"content":{"rendered":"<div class=\"wp-block-image\">\n<figure class=\"aligncenter size-full\"><img fetchpriority=\"high\" decoding=\"async\" width=\"600\" height=\"151\" src=\"http:\/\/ekoauto.org\/wp-content\/uploads\/2024\/12\/cropped-logo-brmisp-soop-1.jpg\" alt=\"\" class=\"wp-image-4257\" srcset=\"http:\/\/ekoauto.org\/wp-content\/uploads\/2024\/12\/cropped-logo-brmisp-soop-1.jpg 600w, http:\/\/ekoauto.org\/wp-content\/uploads\/2024\/12\/cropped-logo-brmisp-soop-1-300x76.jpg 300w\" sizes=\"(max-width: 600px) 100vw, 600px\" \/><\/figure>\n<\/div>\n\n\n<p>25 listopada 2024 r. prezes Jakub Smakuslki wzi\u0105\u0142 udzia\u0142 w konferencji zorganizowanej w Europejskim Centrum Solidarno\u015bci pod nazw\u0105: \u201ePrzedsi\u0119biorcy w obliczu nadchodz\u0105cych zmian\u201d.<br \/>W Konferencji udzia\u0142 wzi\u0119li m.in. Minister Rozwoju i Technologii Krzysztof Paszyk, Wojewoda Pomorska Beata Rutkiewicz, Marsza\u0142ek Wojew\u00f3dztwa Pomorskiego Mieczys\u0142aw Struk, Prezydent Gda\u0144ska Aleksandra Dulkiewicz, G\u0142\u00f3wny Inspektor Pracy Marcin Stanecki, a tak\u017ce licznie zgromadzone grono przedsi\u0119biorc\u00f3w i ekspert\u00f3w gospodarczych z ca\u0142ego kraju. <\/p>\n\n\n\n<p>Pierwszy z czterech paneli dyskusyjnych dotyczy\u0142 zagadnie\u0144 prawa gospodarczego i potrzeby jego deregulacji. Przedstawiono na nim propozycje zmian legislacyjnych, kt\u00f3re mog\u0105 upro\u015bci\u0107 prowadzenie dzia\u0142alno\u015bci gospodarczej. Przeanalizowano przypadki barier prawnych szkodliwych dla gospodarki, om\u00f3wiono tak\u017ce znaczenie dialogu mi\u0119dzy przedsi\u0119biorcami a administracj\u0105 publiczn\u0105. Tematem drugiego panelu by\u0142o wdra\u017canie raportowania niefinansowego i wp\u0142yw ESG na konkurencyjno\u015b\u0107 firm. Wskazywano tak\u017ce na praktyczne formy wsparcia dla przedsi\u0119biorstw przygotowuj\u0105cych si\u0119 do raportowania niefinansowego. Nad tym, jakie skutki dla przedsi\u0119biorc\u00f3w b\u0119d\u0105 nios\u0142y zapowiadane przez rz\u0105d zmiany Kodeksu Pracy dyskutowali uczestnicy kolejnego panelu. Poruszyli oni m.in. kwesti\u0119 przepis\u00f3w dotycz\u0105cych zatrudniania cudzoziemc\u00f3w czy ewentualno\u015b\u0107 wprowadzenia 4-dniowego tygodnia pracy. Konferencj\u0119 zamkn\u0119\u0142a prezentacja na temat wsparcia proces\u00f3w biznesowych przez zastosowanie sztucznej inteligencji.<\/p>\n","protected":false},"excerpt":{"rendered":"<p>25 listopada 2024 r. prezes Jakub Smakuslki wzi\u0105\u0142 udzia\u0142 w konferencji zorganizowanej w Europejskim Centrum Solidarno\u015bci pod nazw\u0105: \u201ePrzedsi\u0119biorcy w obliczu nadchodz\u0105cych zmian\u201d.W Konferencji udzia\u0142 wzi\u0119li m.in. Minister Rozwoju i Technologii Krzysztof Paszyk, Wojewoda Pomorska Beata Rutkiewicz, Marsza\u0142ek Wojew\u00f3dztwa Pomorskiego Mieczys\u0142aw Struk, Prezydent Gda\u0144ska Aleksandra Dulkiewicz, G\u0142\u00f3wny Inspektor Pracy Marcin Stanecki, a tak\u017ce licznie zgromadzone &#8230; <a title=\"Konferencja \u201ePrzedsi\u0119biorcy w obliczu nadchodz\u0105cych zmian\u201d &#8211; Gda\u0144sk\" class=\"read-more\" href=\"http:\/\/ekoauto.org\/?p=4256\" aria-label=\"Read more about Konferencja \u201ePrzedsi\u0119biorcy w obliczu nadchodz\u0105cych zmian\u201d &#8211; Gda\u0144sk\">Dowiedz si\u0119 wi\u0119cej<\/a><\/p>\n","protected":false},"author":2,"featured_media":0,"comment_status":"closed","ping_status":"closed","sticky":false,"template":"","format":"standard","meta":{"_monsterinsights_skip_tracking":false,"_monsterinsights_sitenote_active":false,"_monsterinsights_sitenote_note":"","_monsterinsights_sitenote_category":0,"footnotes":""},"categories":[1],"tags":[],"class_list":["post-4256","post","type-post","status-publish","format-standard","hentry","category-bez-kategorii"],"_links":{"self":[{"href":"http:\/\/ekoauto.org\/index.php?rest_route=\/wp\/v2\/posts\/4256","targetHints":{"allow":["GET"]}}],"collection":[{"href":"http:\/\/ekoauto.org\/index.php?rest_route=\/wp\/v2\/posts"}],"about":[{"href":"http:\/\/ekoauto.org\/index.php?rest_route=\/wp\/v2\/types\/post"}],"author":[{"embeddable":true,"href":"http:\/\/ekoauto.org\/index.php?rest_route=\/wp\/v2\/users\/2"}],"replies":[{"embeddable":true,"href":"http:\/\/ekoauto.org\/index.php?rest_route=%2Fwp%2Fv2%2Fcomments&post=4256"}],"version-history":[{"count":2,"href":"http:\/\/ekoauto.org\/index.php?rest_route=\/wp\/v2\/posts\/4256\/revisions"}],"predecessor-version":[{"id":4262,"href":"http:\/\/ekoauto.org\/index.php?rest_route=\/wp\/v2\/posts\/4256\/revisions\/4262"}],"wp:attachment":[{"href":"http:\/\/ekoauto.org\/index.php?rest_route=%2Fwp%2Fv2%2Fmedia&parent=4256"}],"wp:term":[{"taxonomy":"category","embeddable":true,"href":"http:\/\/ekoauto.org\/index.php?rest_route=%2Fwp%2Fv2%2Fcategories&post=4256"},{"taxonomy":"post_tag","embeddable":true,"href":"http:\/\/ekoauto.org\/index.php?rest_route=%2Fwp%2Fv2%2Ftags&post=4256"}],"curies":[{"name":"wp","href":"https:\/\/api.w.org\/{rel}","templated":true}]}}