{"id":4252,"date":"2024-12-06T07:02:01","date_gmt":"2024-12-06T06:02:01","guid":{"rendered":"http:\/\/ekoauto.org\/?p=4252"},"modified":"2024-12-06T07:02:02","modified_gmt":"2024-12-06T06:02:02","slug":"posiedzenie-zespolu-roboczego-ds-recyklingu-i-gospodarki-odpadami-w-sprawie-pozwolen-zintegrowanych","status":"publish","type":"post","link":"http:\/\/ekoauto.org\/?p=4252","title":{"rendered":"Posiedzenie Zespo\u0142u Roboczego ds. Recyklingu i gospodarki odpadami w sprawie pozwole\u0144 zintegrowanych"},"content":{"rendered":"\n<figure class=\"wp-block-image size-full\"><img fetchpriority=\"high\" decoding=\"async\" width=\"600\" height=\"151\" src=\"http:\/\/ekoauto.org\/wp-content\/uploads\/2024\/12\/cropped-logo-brmisp-soop.jpg\" alt=\"\" class=\"wp-image-4253\" srcset=\"http:\/\/ekoauto.org\/wp-content\/uploads\/2024\/12\/cropped-logo-brmisp-soop.jpg 600w, http:\/\/ekoauto.org\/wp-content\/uploads\/2024\/12\/cropped-logo-brmisp-soop-300x76.jpg 300w\" sizes=\"(max-width: 600px) 100vw, 600px\" \/><\/figure>\n\n\n\n<p>5 grudnia 2024 roku odby\u0142o si\u0119 64. posiedzenie Zespo\u0142u Roboczego ds. Recyklingu i gospodarki odpadami dzia\u0142aj\u0105cego przy Rzecznik Ma\u0142ych i \u015arednich Przedsi\u0119biorc\u00f3w. Przedmiotem obrad by\u0142y zagadnienia zwi\u0105zane z konieczno\u015bci\u0105 uzyskiwania przez prowadz\u0105cych stacje demonta\u017cu pojazd\u00f3w pozwole\u0144 zintegrowanych zamiast, jak to mia\u0142o miejsce dotychczas, pozwole\u0144 tzw. sektorowych. Prezes Jakub Smakulski zwr\u00f3ci\u0142 uwag\u0119 na tworz\u0105cy si\u0119 chaos zwi\u0105zany z wydawaniem pozwole\u0144 zwi\u0105zany interpretacj\u0105 przepis\u00f3w z lutego 2024 roku og\u0142oszon\u0105 przez Ministerstwo Klimatu i \u015arodowiska. Podkre\u015bli\u0142, \u017ce organy wydaj\u0105ce decyzje (g\u0142\u00f3wnie Urz\u0119dy Marsza\u0142kowskie) nie dzia\u0142aj\u0105 w taki sam spos\u00f3b na terenie ca\u0142ego kraju. Odnotowywane s\u0105 przypadki wydawania pozwole\u0144 na okres jednego roku, pomimo wnioskowania o wydanie pozwolenia na okres 10 lat. Pojawiaj\u0105 si\u0119 r\u00f3wnie\u017c interpretacje, ze wszystkie stacje demonta\u017cu pojazd\u00f3w b\u0119d\u0105 musia\u0142y posiada\u0107 pozwolenie zintegrowane. Wszystkie te kwestie b\u0119d\u0105 wyja\u015bniane podczas spotkania z przedstawicielami Ministerstwa Klimatu i \u015arodowiska w dniu 10 grudnia 2024 roku.<\/p>\n","protected":false},"excerpt":{"rendered":"<p>5 grudnia 2024 roku odby\u0142o si\u0119 64. posiedzenie Zespo\u0142u Roboczego ds. Recyklingu i gospodarki odpadami dzia\u0142aj\u0105cego przy Rzecznik Ma\u0142ych i \u015arednich Przedsi\u0119biorc\u00f3w. Przedmiotem obrad by\u0142y zagadnienia zwi\u0105zane z konieczno\u015bci\u0105 uzyskiwania przez prowadz\u0105cych stacje demonta\u017cu pojazd\u00f3w pozwole\u0144 zintegrowanych zamiast, jak to mia\u0142o miejsce dotychczas, pozwole\u0144 tzw. sektorowych. Prezes Jakub Smakulski zwr\u00f3ci\u0142 uwag\u0119 na tworz\u0105cy si\u0119 chaos &#8230; <a title=\"Posiedzenie Zespo\u0142u Roboczego ds. Recyklingu i gospodarki odpadami w sprawie pozwole\u0144 zintegrowanych\" class=\"read-more\" href=\"http:\/\/ekoauto.org\/?p=4252\" aria-label=\"Read more about Posiedzenie Zespo\u0142u Roboczego ds. Recyklingu i gospodarki odpadami w sprawie pozwole\u0144 zintegrowanych\">Dowiedz si\u0119 wi\u0119cej<\/a><\/p>\n","protected":false},"author":2,"featured_media":0,"comment_status":"closed","ping_status":"closed","sticky":false,"template":"","format":"standard","meta":{"_monsterinsights_skip_tracking":false,"_monsterinsights_sitenote_active":false,"_monsterinsights_sitenote_note":"","_monsterinsights_sitenote_category":0,"footnotes":""},"categories":[1],"tags":[],"class_list":["post-4252","post","type-post","status-publish","format-standard","hentry","category-bez-kategorii"],"_links":{"self":[{"href":"http:\/\/ekoauto.org\/index.php?rest_route=\/wp\/v2\/posts\/4252","targetHints":{"allow":["GET"]}}],"collection":[{"href":"http:\/\/ekoauto.org\/index.php?rest_route=\/wp\/v2\/posts"}],"about":[{"href":"http:\/\/ekoauto.org\/index.php?rest_route=\/wp\/v2\/types\/post"}],"author":[{"embeddable":true,"href":"http:\/\/ekoauto.org\/index.php?rest_route=\/wp\/v2\/users\/2"}],"replies":[{"embeddable":true,"href":"http:\/\/ekoauto.org\/index.php?rest_route=%2Fwp%2Fv2%2Fcomments&post=4252"}],"version-history":[{"count":1,"href":"http:\/\/ekoauto.org\/index.php?rest_route=\/wp\/v2\/posts\/4252\/revisions"}],"predecessor-version":[{"id":4254,"href":"http:\/\/ekoauto.org\/index.php?rest_route=\/wp\/v2\/posts\/4252\/revisions\/4254"}],"wp:attachment":[{"href":"http:\/\/ekoauto.org\/index.php?rest_route=%2Fwp%2Fv2%2Fmedia&parent=4252"}],"wp:term":[{"taxonomy":"category","embeddable":true,"href":"http:\/\/ekoauto.org\/index.php?rest_route=%2Fwp%2Fv2%2Fcategories&post=4252"},{"taxonomy":"post_tag","embeddable":true,"href":"http:\/\/ekoauto.org\/index.php?rest_route=%2Fwp%2Fv2%2Ftags&post=4252"}],"curies":[{"name":"wp","href":"https:\/\/api.w.org\/{rel}","templated":true}]}}