{"id":4242,"date":"2024-11-22T07:31:43","date_gmt":"2024-11-22T06:31:43","guid":{"rendered":"http:\/\/ekoauto.org\/?p=4242"},"modified":"2024-11-25T07:57:45","modified_gmt":"2024-11-25T06:57:45","slug":"xix-kongres-przemyslu-i-rynku-motoryzacyjnego","status":"publish","type":"post","link":"http:\/\/ekoauto.org\/?p=4242","title":{"rendered":"XIX Kongres Przemys\u0142u i Rynku Motoryzacyjnego"},"content":{"rendered":"\n<figure class=\"wp-block-image size-full\"><img fetchpriority=\"high\" decoding=\"async\" width=\"1024\" height=\"535\" src=\"http:\/\/ekoauto.org\/wp-content\/uploads\/2024\/11\/SDCM_banner_1200x627-1024x535-1.jpg\" alt=\"\" class=\"wp-image-4243\" srcset=\"http:\/\/ekoauto.org\/wp-content\/uploads\/2024\/11\/SDCM_banner_1200x627-1024x535-1.jpg 1024w, http:\/\/ekoauto.org\/wp-content\/uploads\/2024\/11\/SDCM_banner_1200x627-1024x535-1-300x157.jpg 300w, http:\/\/ekoauto.org\/wp-content\/uploads\/2024\/11\/SDCM_banner_1200x627-1024x535-1-768x401.jpg 768w\" sizes=\"(max-width: 1024px) 100vw, 1024px\" \/><\/figure>\n\n\n\n<p>21 listopada 2024 r. prezes Jakub Smakulski mia\u0142 zaszczyt uczestniczy\u0107 w XIX Kongresie Przemys\u0142u i Rynku Motoryzacyjnego. Podczas licznych sesji merytorycznych poruszane by\u0142y tematy zwi\u0105zane z konkurencyjno\u015bci\u0105 niezale\u017cnego rynku motoryzacyjnego oraz prognoz rozwoju w Polsce. Poruszano r\u00f3wnie\u017c tematy bezpiecze\u0144stwa drogowego i roli motoryzacji w celu osi\u0105gni\u0119cia wizji 0. Przedstawiono wnikliwe analizy rynku motoryzacyjnego z europejskiej perspektywy.<\/p>\n\n\n\n<p>Ponadto prezes Smakulski zosta\u0142 zaproszony do obrad przy okr\u0105g\u0142ym stole zwi\u0105zanych z regeneracj\u0105 cz\u0119\u015bci. W posiedzeniu uczestniczyli przedstawiciele bran\u017cy regeneracji cz\u0119\u015bci i podzespo\u0142\u00f3w, Ministerstwa Infrastruktury oraz recyklingu pojazd\u00f3w wycofanych z eksploatacji. Podczas obrad wskazane zosta\u0142y kierunki wsp\u00f3\u0142pracy stacji demonta\u017cu pojazd\u00f3w oraz zak\u0142ad\u00f3w zajmuj\u0105cych si\u0119 regeneracj\u0105 cz\u0119\u015bci z pojazd\u00f3w. Omawiane r\u00f3wnie\u017c by\u0142y problemy w kwestii zagospodarowania odpad\u00f3w i zwi\u0105zanych z tym coraz wy\u017cszych koszt\u00f3w. G\u0142\u00f3wnym tematem by\u0142 problem braku programowego podej\u015bcia do zagadnienia regeneracji cz\u0119\u015bci. Prezes Smakulski podkre\u015bli\u0142, \u017ce cz\u0119\u015bci u\u017cywane przede wszystkim musz\u0105 pochodzi\u0107 z legalnych \u017ar\u00f3de\u0142, kt\u00f3rymi m. in. s\u0105 stacje demonta\u017cu pojazd\u00f3w. Zaznaczy\u0142, \u017ce nie mo\u017ce by\u0107 spo\u0142ecznego przyzwolenia na obr\u00f3t cz\u0119\u015bciami z nielegalnych \u017ar\u00f3de\u0142 przez podmioty do tego nieuprawnione i niep\u0142ac\u0105ce podatk\u00f3w.<\/p>\n","protected":false},"excerpt":{"rendered":"<p>21 listopada 2024 r. prezes Jakub Smakulski mia\u0142 zaszczyt uczestniczy\u0107 w XIX Kongresie Przemys\u0142u i Rynku Motoryzacyjnego. Podczas licznych sesji merytorycznych poruszane by\u0142y tematy zwi\u0105zane z konkurencyjno\u015bci\u0105 niezale\u017cnego rynku motoryzacyjnego oraz prognoz rozwoju w Polsce. Poruszano r\u00f3wnie\u017c tematy bezpiecze\u0144stwa drogowego i roli motoryzacji w celu osi\u0105gni\u0119cia wizji 0. Przedstawiono wnikliwe analizy rynku motoryzacyjnego z europejskiej &#8230; <a title=\"XIX Kongres Przemys\u0142u i Rynku Motoryzacyjnego\" class=\"read-more\" href=\"http:\/\/ekoauto.org\/?p=4242\" aria-label=\"Read more about XIX Kongres Przemys\u0142u i Rynku Motoryzacyjnego\">Dowiedz si\u0119 wi\u0119cej<\/a><\/p>\n","protected":false},"author":2,"featured_media":0,"comment_status":"closed","ping_status":"closed","sticky":false,"template":"","format":"standard","meta":{"_monsterinsights_skip_tracking":false,"_monsterinsights_sitenote_active":false,"_monsterinsights_sitenote_note":"","_monsterinsights_sitenote_category":0,"footnotes":""},"categories":[1],"tags":[],"class_list":["post-4242","post","type-post","status-publish","format-standard","hentry","category-bez-kategorii"],"_links":{"self":[{"href":"http:\/\/ekoauto.org\/index.php?rest_route=\/wp\/v2\/posts\/4242","targetHints":{"allow":["GET"]}}],"collection":[{"href":"http:\/\/ekoauto.org\/index.php?rest_route=\/wp\/v2\/posts"}],"about":[{"href":"http:\/\/ekoauto.org\/index.php?rest_route=\/wp\/v2\/types\/post"}],"author":[{"embeddable":true,"href":"http:\/\/ekoauto.org\/index.php?rest_route=\/wp\/v2\/users\/2"}],"replies":[{"embeddable":true,"href":"http:\/\/ekoauto.org\/index.php?rest_route=%2Fwp%2Fv2%2Fcomments&post=4242"}],"version-history":[{"count":1,"href":"http:\/\/ekoauto.org\/index.php?rest_route=\/wp\/v2\/posts\/4242\/revisions"}],"predecessor-version":[{"id":4244,"href":"http:\/\/ekoauto.org\/index.php?rest_route=\/wp\/v2\/posts\/4242\/revisions\/4244"}],"wp:attachment":[{"href":"http:\/\/ekoauto.org\/index.php?rest_route=%2Fwp%2Fv2%2Fmedia&parent=4242"}],"wp:term":[{"taxonomy":"category","embeddable":true,"href":"http:\/\/ekoauto.org\/index.php?rest_route=%2Fwp%2Fv2%2Fcategories&post=4242"},{"taxonomy":"post_tag","embeddable":true,"href":"http:\/\/ekoauto.org\/index.php?rest_route=%2Fwp%2Fv2%2Ftags&post=4242"}],"curies":[{"name":"wp","href":"https:\/\/api.w.org\/{rel}","templated":true}]}}