{"id":4142,"date":"2023-10-11T13:57:43","date_gmt":"2023-10-11T11:57:43","guid":{"rendered":"http:\/\/ekoauto.org\/?p=4142"},"modified":"2023-10-11T13:57:45","modified_gmt":"2023-10-11T11:57:45","slug":"projekt-rozporzadzenia-parlamentu-europejskiego-dot-elv-polska-wersja","status":"publish","type":"post","link":"http:\/\/ekoauto.org\/?p=4142","title":{"rendered":"Projekt Rozporz\u0105dzenia Parlamentu Europejskiego dot. ELV &#8211; polska wersja"},"content":{"rendered":"\n<figure class=\"wp-block-image size-large is-resized\"><img fetchpriority=\"high\" decoding=\"async\" src=\"http:\/\/ekoauto.org\/wp-content\/uploads\/2023\/10\/logo-ec-pl.svg\" alt=\"\" class=\"wp-image-4144\" width=\"790\" height=\"195\"\/><\/figure>\n\n\n\n<p>Przedstawiciele Komisji Europejskiej udost\u0119pnili Stowarzyszeniu EKO-AUTO polsk\u0105 wersj\u0119 projektu ROZPORZ\u0104DZENIA PARLAMENTU EUROPEJSKIEGO I RADY w sprawie wymog\u00f3w w\u00a0zakresie obiegu zamkni\u0119tego w\u00a0odniesieniu do projektowania pojazd\u00f3w oraz zarz\u0105dzania pojazdami wycofanymi z\u00a0eksploatacji, zmieniaj\u0105ce rozporz\u0105dzenia (UE) 2018\/858 i\u00a02019\/1020 oraz uchylaj\u0105ce dyrektywy 2000\/53\/WE i\u00a02005\/64\/WE.<\/p>\n\n\n\n<p>Poni\u017cej zamieszczamy link<\/p>\n\n\n\n<p><a href=\"https:\/\/eur-lex.europa.eu\/legal-content\/PL\/TXT\/HTML\/?uri=CELEX:52023PC0451\">https:\/\/eur-lex.europa.eu\/legal-content\/PL\/TXT\/HTML\/?uri=CELEX:52023PC0451<\/a><\/p>\n\n\n\n<p>Konsultujemy go obecnie ze stacjami demonta\u017cu pojazd\u00f3w podczas regionalnych spotka\u0144 bran\u017cowych na terenie ca\u0142ej Polski.<\/p>\n\n\n\n<p>Zach\u0119camy do przesy\u0142ania uwag do projektu na biuro@ekoauto.org.<\/p>\n","protected":false},"excerpt":{"rendered":"<p>Przedstawiciele Komisji Europejskiej udost\u0119pnili Stowarzyszeniu EKO-AUTO polsk\u0105 wersj\u0119 projektu ROZPORZ\u0104DZENIA PARLAMENTU EUROPEJSKIEGO I RADY w sprawie wymog\u00f3w w\u00a0zakresie obiegu zamkni\u0119tego w\u00a0odniesieniu do projektowania pojazd\u00f3w oraz zarz\u0105dzania pojazdami wycofanymi z\u00a0eksploatacji, zmieniaj\u0105ce rozporz\u0105dzenia (UE) 2018\/858 i\u00a02019\/1020 oraz uchylaj\u0105ce dyrektywy 2000\/53\/WE i\u00a02005\/64\/WE. Poni\u017cej zamieszczamy link https:\/\/eur-lex.europa.eu\/legal-content\/PL\/TXT\/HTML\/?uri=CELEX:52023PC0451 Konsultujemy go obecnie ze stacjami demonta\u017cu pojazd\u00f3w podczas regionalnych spotka\u0144 bran\u017cowych na &#8230; <a title=\"Projekt Rozporz\u0105dzenia Parlamentu Europejskiego dot. ELV &#8211; polska wersja\" class=\"read-more\" href=\"http:\/\/ekoauto.org\/?p=4142\" aria-label=\"Read more about Projekt Rozporz\u0105dzenia Parlamentu Europejskiego dot. ELV &#8211; polska wersja\">Dowiedz si\u0119 wi\u0119cej<\/a><\/p>\n","protected":false},"author":2,"featured_media":0,"comment_status":"open","ping_status":"open","sticky":false,"template":"","format":"standard","meta":{"_monsterinsights_skip_tracking":false,"_monsterinsights_sitenote_active":false,"_monsterinsights_sitenote_note":"","_monsterinsights_sitenote_category":0,"footnotes":""},"categories":[1],"tags":[],"class_list":["post-4142","post","type-post","status-publish","format-standard","hentry","category-bez-kategorii"],"_links":{"self":[{"href":"http:\/\/ekoauto.org\/index.php?rest_route=\/wp\/v2\/posts\/4142","targetHints":{"allow":["GET"]}}],"collection":[{"href":"http:\/\/ekoauto.org\/index.php?rest_route=\/wp\/v2\/posts"}],"about":[{"href":"http:\/\/ekoauto.org\/index.php?rest_route=\/wp\/v2\/types\/post"}],"author":[{"embeddable":true,"href":"http:\/\/ekoauto.org\/index.php?rest_route=\/wp\/v2\/users\/2"}],"replies":[{"embeddable":true,"href":"http:\/\/ekoauto.org\/index.php?rest_route=%2Fwp%2Fv2%2Fcomments&post=4142"}],"version-history":[{"count":1,"href":"http:\/\/ekoauto.org\/index.php?rest_route=\/wp\/v2\/posts\/4142\/revisions"}],"predecessor-version":[{"id":4145,"href":"http:\/\/ekoauto.org\/index.php?rest_route=\/wp\/v2\/posts\/4142\/revisions\/4145"}],"wp:attachment":[{"href":"http:\/\/ekoauto.org\/index.php?rest_route=%2Fwp%2Fv2%2Fmedia&parent=4142"}],"wp:term":[{"taxonomy":"category","embeddable":true,"href":"http:\/\/ekoauto.org\/index.php?rest_route=%2Fwp%2Fv2%2Fcategories&post=4142"},{"taxonomy":"post_tag","embeddable":true,"href":"http:\/\/ekoauto.org\/index.php?rest_route=%2Fwp%2Fv2%2Ftags&post=4142"}],"curies":[{"name":"wp","href":"https:\/\/api.w.org\/{rel}","templated":true}]}}