{"id":4119,"date":"2023-09-19T10:55:18","date_gmt":"2023-09-19T08:55:18","guid":{"rendered":"http:\/\/ekoauto.org\/?p=4119"},"modified":"2023-10-11T13:58:43","modified_gmt":"2023-10-11T11:58:43","slug":"spotkania-branzowe-dla-stacji-demontazu-pojazdow-jesien-2023","status":"publish","type":"post","link":"http:\/\/ekoauto.org\/?p=4119","title":{"rendered":"SPOTKANIA BRAN\u017bOWE DLA STACJI DEMONTA\u017bU POJAZD\u00d3W &#8211; JESIE\u0143 2023"},"content":{"rendered":"\n<p>Mi\u0142o nam poinformowa\u0107 o zbli\u017caj\u0105cym si\u0119 cyklu regionalnych spotka\u0144 bran\u017cowych dla stacji demonta\u017cu pojazd\u00f3w. Do organizacji kolejnej ju\u017c edycji spotka\u0144 przyczyni\u0142y si\u0119 liczne zmiany czekaj\u0105ce bran\u017c\u0119 recyklingu pojazd\u00f3w w najbli\u017cszym czasie. <\/p>\n\n\n\n<p class=\"has-luminous-vivid-amber-background-color has-background\"><strong>PROGRAM SPOTKA\u0143 BRAN\u017bOWYCH<\/strong><\/p>\n\n\n\n<p>Szczeg\u00f3\u0142owo om\u00f3wimy rozporz\u0105dzenie Parlamentu Europejskiego i Rady w sprawie wymog\u00f3w dotycz\u0105cych obiegu zamkni\u0119tego w projektach pojazd\u00f3w i gospodarowania pojazdami wycofanymi z eksploatacji, zmieniaj\u0105ce rozporz\u0105dzenia (UE) 2018\/858 i 2019\/1020 oraz uchylaj\u0105ce dyrektyw\u0119 2000\/53\/WE i 2005\/64\/WE. Blok ten b\u0119dzie mia\u0142 charakter warsztat\u00f3w, podczas kt\u00f3rych zebrane postulaty przeka\u017cemy jako g\u0142os bran\u017cy do komisji Parlamentu Europejskiego. W projekcie Rozporz\u0105dzenia s\u0105 wskazane m.in. istotne kwestie dotycz\u0105ce zasad przydatno\u015bci pojazd\u00f3w do naprawy oraz kryteri\u00f3w klasyfikacji pojazd\u00f3w do demonta\u017cu, nowe wska\u017aniki obliczania poziomu odzysku i recyklingu, zasady minimalnych wymaga\u0144 dla stacji demonta\u017c, wykaz cz\u0119\u015bci, kt\u00f3re nie b\u0119d\u0105 mog\u0142y by\u0107 ponownie u\u017cywane, zasady wystawiania za\u015bwiadcze\u0144 o demonta\u017cu.<\/p>\n\n\n\n<p>Kolejnym punktem spotkania b\u0119dzie om\u00f3wienie aktualnych procedur uzyskiwania decyzji odpadowych na okres kolejnych 10 lat oraz trudno\u015bci napotykanych w trakcie post\u0119powa\u0144 administracyjnych.<\/p>\n\n\n\n<p>W trakcie spotkania planujemy r\u00f3wnie\u017c poruszy\u0107 temat preferencyjnych po\u017cyczek unijnych oraz aplikacji s\u0142u\u017c\u0105cych do sprzeda\u017cy cz\u0119\u015bci i z\u0142omu. Pozostawimy r\u00f3wnie\u017c przestrze\u0144 do pyta\u0144 i prowadzenia dyskusji na tematy wa\u017cne dla przedsi\u0119biorc\u00f3w prowadz\u0105cych stacje demonta\u017cu pojazd\u00f3w.<\/p>\n\n\n\n<p class=\"has-luminous-vivid-amber-background-color has-background\"><strong>LOKALIZACJA<\/strong><\/p>\n\n\n\n<p>Spotkania zaplanowane s\u0105 w 6 miastach i odb\u0119d\u0105 si\u0119 w godz. 10.00-13.00:<\/p>\n\n\n\n<ul class=\"wp-block-list\">\n<li>Legnica<\/li>\n\n\n\n<li>Pozna\u0144<\/li>\n\n\n\n<li>Tarn\u00f3w<\/li>\n\n\n\n<li>Strzelce Opolskie<\/li>\n\n\n\n<li>Grudzi\u0105dz<\/li>\n\n\n\n<li>Radom<\/li>\n<\/ul>\n\n\n\n<p class=\"has-luminous-vivid-amber-background-color has-background\"><strong>KOSZTY UCZESTNICTWA<\/strong><\/p>\n\n\n\n<p>Koszt udzia\u0142u: 100 z\u0142 brutto od uczestnika. Wystawiamy faktury zw. z VAT.<\/p>\n\n\n\n<p>Udzia\u0142 cz\u0142onk\u00f3w Stowarzyszenia jest nieodp\u0142atny.<\/p>\n\n\n\n<p class=\"has-luminous-vivid-amber-background-color has-background\"><strong>ZAPISY<\/strong><\/p>\n\n\n\n<p>Celem rezerwacji miejsc prosimy o wype\u0142nienie formularza zg\u0142oszeniowego i przes\u0142anie na biuro@ekoauto.org.<\/p>\n\n\n\n<figure class=\"wp-block-gallery has-nested-images columns-default is-cropped wp-block-gallery-1 is-layout-flex wp-block-gallery-is-layout-flex\">\n<figure class=\"wp-block-image size-large\"><img fetchpriority=\"high\" decoding=\"async\" width=\"855\" height=\"823\" data-id=\"4129\" src=\"https:\/\/ekoauto.org\/wp-content\/uploads\/2023\/09\/plakat-regionalne-2023.png\" alt=\"\" class=\"wp-image-4129\" srcset=\"http:\/\/ekoauto.org\/wp-content\/uploads\/2023\/09\/plakat-regionalne-2023.png 855w, http:\/\/ekoauto.org\/wp-content\/uploads\/2023\/09\/plakat-regionalne-2023-300x289.png 300w, http:\/\/ekoauto.org\/wp-content\/uploads\/2023\/09\/plakat-regionalne-2023-768x739.png 768w\" sizes=\"(max-width: 855px) 100vw, 855px\" \/><\/figure>\n\n\n\n<figure class=\"wp-block-image size-large\"><img decoding=\"async\" width=\"768\" height=\"1024\" data-id=\"4130\" src=\"https:\/\/ekoauto.org\/wp-content\/uploads\/2023\/09\/spotkania-branzowe-dla-sdp-768x1024.png\" alt=\"\" class=\"wp-image-4130\" srcset=\"http:\/\/ekoauto.org\/wp-content\/uploads\/2023\/09\/spotkania-branzowe-dla-sdp-768x1024.png 768w, http:\/\/ekoauto.org\/wp-content\/uploads\/2023\/09\/spotkania-branzowe-dla-sdp-225x300.png 225w, http:\/\/ekoauto.org\/wp-content\/uploads\/2023\/09\/spotkania-branzowe-dla-sdp-1152x1536.png 1152w, http:\/\/ekoauto.org\/wp-content\/uploads\/2023\/09\/spotkania-branzowe-dla-sdp-1536x2048.png 1536w\" sizes=\"(max-width: 768px) 100vw, 768px\" \/><\/figure>\n<\/figure>\n\n\n\n<p class=\"has-luminous-vivid-amber-background-color has-background\"><strong>FORMULARZ ZG\u0141OSZENIOWY<\/strong><\/p>\n\n\n\n<p><\/p>\n\n\n\n<div data-wp-interactive=\"core\/file\" class=\"wp-block-file\"><object data-wp-bind--hidden=\"!state.hasPdfPreview\" hidden class=\"wp-block-file__embed\" data=\"https:\/\/ekoauto.org\/wp-content\/uploads\/2023\/09\/FORMULARZ-ZGLOSZENIOWY.pdf\" type=\"application\/pdf\" style=\"width:100%;height:600px\" aria-label=\"Osadzone z FORMULARZ-ZGLOSZENIOWY.\"><\/object><a id=\"wp-block-file--media-80115d76-cdda-46fb-b6bc-230553bf8584\" href=\"https:\/\/ekoauto.org\/wp-content\/uploads\/2023\/09\/FORMULARZ-ZGLOSZENIOWY.pdf\" target=\"_blank\" rel=\"noreferrer noopener\">FORMULARZ-ZGLOSZENIOWY<\/a><a href=\"https:\/\/ekoauto.org\/wp-content\/uploads\/2023\/09\/FORMULARZ-ZGLOSZENIOWY.pdf\" class=\"wp-block-file__button wp-element-button\" download aria-describedby=\"wp-block-file--media-80115d76-cdda-46fb-b6bc-230553bf8584\"><strong>Pobierz<\/strong><\/a><\/div>\n","protected":false},"excerpt":{"rendered":"<p>Mi\u0142o nam poinformowa\u0107 o zbli\u017caj\u0105cym si\u0119 cyklu regionalnych spotka\u0144 bran\u017cowych dla stacji demonta\u017cu pojazd\u00f3w. Do organizacji kolejnej ju\u017c edycji spotka\u0144 przyczyni\u0142y si\u0119 liczne zmiany czekaj\u0105ce bran\u017c\u0119 recyklingu pojazd\u00f3w w najbli\u017cszym czasie. PROGRAM SPOTKA\u0143 BRAN\u017bOWYCH Szczeg\u00f3\u0142owo om\u00f3wimy rozporz\u0105dzenie Parlamentu Europejskiego i Rady w sprawie wymog\u00f3w dotycz\u0105cych obiegu zamkni\u0119tego w projektach pojazd\u00f3w i gospodarowania pojazdami wycofanymi z &#8230; <a title=\"SPOTKANIA BRAN\u017bOWE DLA STACJI DEMONTA\u017bU POJAZD\u00d3W &#8211; JESIE\u0143 2023\" class=\"read-more\" href=\"http:\/\/ekoauto.org\/?p=4119\" aria-label=\"Read more about SPOTKANIA BRAN\u017bOWE DLA STACJI DEMONTA\u017bU POJAZD\u00d3W &#8211; JESIE\u0143 2023\">Dowiedz si\u0119 wi\u0119cej<\/a><\/p>\n","protected":false},"author":2,"featured_media":0,"comment_status":"open","ping_status":"open","sticky":false,"template":"","format":"standard","meta":{"_monsterinsights_skip_tracking":false,"_monsterinsights_sitenote_active":false,"_monsterinsights_sitenote_note":"","_monsterinsights_sitenote_category":0,"footnotes":""},"categories":[1],"tags":[],"class_list":["post-4119","post","type-post","status-publish","format-standard","hentry","category-bez-kategorii"],"_links":{"self":[{"href":"http:\/\/ekoauto.org\/index.php?rest_route=\/wp\/v2\/posts\/4119","targetHints":{"allow":["GET"]}}],"collection":[{"href":"http:\/\/ekoauto.org\/index.php?rest_route=\/wp\/v2\/posts"}],"about":[{"href":"http:\/\/ekoauto.org\/index.php?rest_route=\/wp\/v2\/types\/post"}],"author":[{"embeddable":true,"href":"http:\/\/ekoauto.org\/index.php?rest_route=\/wp\/v2\/users\/2"}],"replies":[{"embeddable":true,"href":"http:\/\/ekoauto.org\/index.php?rest_route=%2Fwp%2Fv2%2Fcomments&post=4119"}],"version-history":[{"count":9,"href":"http:\/\/ekoauto.org\/index.php?rest_route=\/wp\/v2\/posts\/4119\/revisions"}],"predecessor-version":[{"id":4140,"href":"http:\/\/ekoauto.org\/index.php?rest_route=\/wp\/v2\/posts\/4119\/revisions\/4140"}],"wp:attachment":[{"href":"http:\/\/ekoauto.org\/index.php?rest_route=%2Fwp%2Fv2%2Fmedia&parent=4119"}],"wp:term":[{"taxonomy":"category","embeddable":true,"href":"http:\/\/ekoauto.org\/index.php?rest_route=%2Fwp%2Fv2%2Fcategories&post=4119"},{"taxonomy":"post_tag","embeddable":true,"href":"http:\/\/ekoauto.org\/index.php?rest_route=%2Fwp%2Fv2%2Ftags&post=4119"}],"curies":[{"name":"wp","href":"https:\/\/api.w.org\/{rel}","templated":true}]}}