{"id":4056,"date":"2022-12-06T12:55:45","date_gmt":"2022-12-06T11:55:45","guid":{"rendered":"http:\/\/ekoauto.org\/?p=4056"},"modified":"2022-12-06T12:55:46","modified_gmt":"2022-12-06T11:55:46","slug":"zmiany-w-resorcie-klimatu-jacek-ozdoba-stracil-nadzor-nad-gios","status":"publish","type":"post","link":"http:\/\/ekoauto.org\/?p=4056","title":{"rendered":"Zmiany w resorcie klimatu. Jacek Ozdoba straci\u0142 nadz\u00f3r nad GIO\u015a"},"content":{"rendered":"\n<p>Jacek Ozdoba, wiceminister klimatu, straci\u0142 nadz\u00f3r nad podlegaj\u0105cym mu departamentem odpad\u00f3w i Generaln\u0105 Inspekcj\u0105 Ochrony \u015arodowiska. Obowi\u0105zki Jacka Ozdoby przejmuje sekretarz stanu Edward Siarka.<\/p>\n\n\n\n<p><a href=\"https:\/\/dziennikurzedowy.mos.gov.pl\/fileadmin\/Dziennik_Urzedowy\/user_upload\/_do_podpisu_otaczajacego__zarzadzenie_ws._podzialu_kompetencji_w_kieronwictwie_MKiS.pdf?fbclid=IwAR1W45XBIzNy6skFAjJjIFPDsJ67GezX4LvFtRgcetwdWDfrOTtShL-kcOM\" data-type=\"URL\" data-id=\"https:\/\/dziennikurzedowy.mos.gov.pl\/fileadmin\/Dziennik_Urzedowy\/user_upload\/_do_podpisu_otaczajacego__zarzadzenie_ws._podzialu_kompetencji_w_kieronwictwie_MKiS.pdf?fbclid=IwAR1W45XBIzNy6skFAjJjIFPDsJ67GezX4LvFtRgcetwdWDfrOTtShL-kcOM\" target=\"_blank\" rel=\"noreferrer noopener\"><strong>LINK<\/strong><\/a><\/p>\n","protected":false},"excerpt":{"rendered":"<p>Jacek Ozdoba, wiceminister klimatu, straci\u0142 nadz\u00f3r nad podlegaj\u0105cym mu departamentem odpad\u00f3w i Generaln\u0105 Inspekcj\u0105 Ochrony \u015arodowiska. Obowi\u0105zki Jacka Ozdoby przejmuje sekretarz stanu Edward Siarka. LINK<\/p>\n","protected":false},"author":2,"featured_media":0,"comment_status":"open","ping_status":"open","sticky":false,"template":"","format":"standard","meta":{"_monsterinsights_skip_tracking":false,"_monsterinsights_sitenote_active":false,"_monsterinsights_sitenote_note":"","_monsterinsights_sitenote_category":0,"footnotes":""},"categories":[1],"tags":[],"class_list":["post-4056","post","type-post","status-publish","format-standard","hentry","category-bez-kategorii"],"_links":{"self":[{"href":"http:\/\/ekoauto.org\/index.php?rest_route=\/wp\/v2\/posts\/4056","targetHints":{"allow":["GET"]}}],"collection":[{"href":"http:\/\/ekoauto.org\/index.php?rest_route=\/wp\/v2\/posts"}],"about":[{"href":"http:\/\/ekoauto.org\/index.php?rest_route=\/wp\/v2\/types\/post"}],"author":[{"embeddable":true,"href":"http:\/\/ekoauto.org\/index.php?rest_route=\/wp\/v2\/users\/2"}],"replies":[{"embeddable":true,"href":"http:\/\/ekoauto.org\/index.php?rest_route=%2Fwp%2Fv2%2Fcomments&post=4056"}],"version-history":[{"count":1,"href":"http:\/\/ekoauto.org\/index.php?rest_route=\/wp\/v2\/posts\/4056\/revisions"}],"predecessor-version":[{"id":4057,"href":"http:\/\/ekoauto.org\/index.php?rest_route=\/wp\/v2\/posts\/4056\/revisions\/4057"}],"wp:attachment":[{"href":"http:\/\/ekoauto.org\/index.php?rest_route=%2Fwp%2Fv2%2Fmedia&parent=4056"}],"wp:term":[{"taxonomy":"category","embeddable":true,"href":"http:\/\/ekoauto.org\/index.php?rest_route=%2Fwp%2Fv2%2Fcategories&post=4056"},{"taxonomy":"post_tag","embeddable":true,"href":"http:\/\/ekoauto.org\/index.php?rest_route=%2Fwp%2Fv2%2Ftags&post=4056"}],"curies":[{"name":"wp","href":"https:\/\/api.w.org\/{rel}","templated":true}]}}