{"id":4003,"date":"2022-07-26T13:46:26","date_gmt":"2022-07-26T11:46:26","guid":{"rendered":"http:\/\/ekoauto.org\/?p=4003"},"modified":"2022-10-11T09:49:41","modified_gmt":"2022-10-11T07:49:41","slug":"spotkanie-dla-stacji-demontazu-pojazdow-i-branzy-recyklingu","status":"publish","type":"post","link":"http:\/\/ekoauto.org\/?p=4003","title":{"rendered":"Spotkanie dla stacji demonta\u017cu pojazd\u00f3w i bran\u017cy recyklingu"},"content":{"rendered":"\n<figure class=\"wp-block-image size-large\"><img fetchpriority=\"high\" decoding=\"async\" width=\"1024\" height=\"536\" src=\"http:\/\/ekoauto.org\/wp-content\/uploads\/2022\/07\/plakat-2-1024x536.png\" alt=\"\" class=\"wp-image-4005\" srcset=\"http:\/\/ekoauto.org\/wp-content\/uploads\/2022\/07\/plakat-2-1024x536.png 1024w, http:\/\/ekoauto.org\/wp-content\/uploads\/2022\/07\/plakat-2-300x157.png 300w, http:\/\/ekoauto.org\/wp-content\/uploads\/2022\/07\/plakat-2-768x402.png 768w, http:\/\/ekoauto.org\/wp-content\/uploads\/2022\/07\/plakat-2.png 1200w\" sizes=\"(max-width: 1024px) 100vw, 1024px\" \/><\/figure>\n\n\n\n<p>Od d\u0142u\u017cszego czasu  nosili\u015bmy si\u0119 z zamiarem zorganizowania nieszablonowego spotkania, kt\u00f3re zgromadzi stacje demonta\u017cu pojazd\u00f3w i bran\u017c\u0119 recyklingu pojazd\u00f3w. Spotkania, podczas kt\u00f3rego w swobodnej, p\u00f3\u0142formalnej atmosferze b\u0119dzie mo\u017cna wymieni\u0107 si\u0119 do\u015bwiadczeniami, sp\u0119dzi\u0107 mi\u0142o czas w\u015br\u00f3d os\u00f3b, kt\u00f3re na co dzie\u0144 w pracy zawodowej borykaj\u0105 si\u0119 z podobnymi bol\u0105czkami, pozyska\u0107 wa\u017cne informacje.<\/p>\n\n\n\n<p>Ju\u017c dzi\u015b zapraszamy zatem wszystkich Pa\u0144stwa na spotkanie dla stacji demonta\u017cu pojazd\u00f3w i bran\u017cy recyklingu, kt\u00f3re odb\u0119dzie si\u0119 w czwartek 22 wrze\u015bnia br. w Hotelu Atut w Licheniu Starym. Rozpoczniemy od wsp\u00f3lnego obiadu, po kt\u00f3rym odb\u0119dzie si\u0119 spotkanie informacyjne bazuj\u0105ce na istotnej dla stacji demonta\u017cu pojazd\u00f3w tematyce. \u015awietne t\u0142o dla bran\u017cowych rozm\u00f3w i nawi\u0105zywania kontakt\u00f3w b\u0119dzie stanowi\u0142a r\u00f3wnie\u017c wieczorna biesiada w chacie grillowej oraz dyskusje przy ognisku. Dla ch\u0119tnych zapewnili\u015bmy tory na kr\u0119gielni, aby poczu\u0107 ducha rywalizacji.<\/p>\n\n\n\n<p>Dla cz\u0142onk\u00f3w Stowarzyszenia udzia\u0142  w wydarzeniu ma charakter nieodp\u0142atny.<\/p>\n\n\n\n<p>Wype\u0142niony <a href=\"http:\/\/ekoauto.org\/wp-content\/uploads\/2022\/07\/FORMULARZ-ZGLOSZENIOWY.pdf\" target=\"_blank\" rel=\"noreferrer noopener\">formularz<\/a> prosimy przes\u0142a\u0107 poczt\u0105 tradycyjn\u0105 lub na adres e-mail: <a href=\"mailto:biuro@ekoauto.org\"><strong>biuro@ekoauto.org<\/strong><\/a>.<\/p>\n\n\n\n<p>Uczestnicy maj\u0105 mo\u017cliwo\u015b\u0107 skorzystania z noclegu w Hotelu Atut. Koszt noclegu uczestnicy ponosz\u0105 indywidualnie. Do dyspozycji go\u015bci hotelowych: strefa saun i basen.<\/p>\n\n\n\n<p><strong>Do zobaczenia!<\/strong> <strong>Czas si\u0119 spotka\u0107!<\/strong><\/p>\n\n\n\n<figure class=\"wp-block-gallery columns-2 is-cropped wp-block-gallery-1 is-layout-flex wp-block-gallery-is-layout-flex\"><ul class=\"blocks-gallery-grid\"><li class=\"blocks-gallery-item\"><figure><img decoding=\"async\" width=\"724\" height=\"1024\" src=\"http:\/\/ekoauto.org\/wp-content\/uploads\/2022\/07\/1-724x1024.png\" alt=\"\" data-id=\"4014\" data-full-url=\"http:\/\/ekoauto.org\/wp-content\/uploads\/2022\/07\/1.png\" data-link=\"http:\/\/ekoauto.org\/?attachment_id=4014#main\" class=\"wp-image-4014\" srcset=\"http:\/\/ekoauto.org\/wp-content\/uploads\/2022\/07\/1-724x1024.png 724w, http:\/\/ekoauto.org\/wp-content\/uploads\/2022\/07\/1-212x300.png 212w, http:\/\/ekoauto.org\/wp-content\/uploads\/2022\/07\/1-768x1086.png 768w, http:\/\/ekoauto.org\/wp-content\/uploads\/2022\/07\/1-1086x1536.png 1086w, http:\/\/ekoauto.org\/wp-content\/uploads\/2022\/07\/1-1448x2048.png 1448w, http:\/\/ekoauto.org\/wp-content\/uploads\/2022\/07\/1.png 1587w\" sizes=\"(max-width: 724px) 100vw, 724px\" \/><\/figure><\/li><li class=\"blocks-gallery-item\"><figure><img decoding=\"async\" width=\"724\" height=\"1024\" src=\"http:\/\/ekoauto.org\/wp-content\/uploads\/2022\/07\/2-724x1024.png\" alt=\"\" data-id=\"4015\" data-full-url=\"http:\/\/ekoauto.org\/wp-content\/uploads\/2022\/07\/2.png\" data-link=\"http:\/\/ekoauto.org\/?attachment_id=4015#main\" class=\"wp-image-4015\" srcset=\"http:\/\/ekoauto.org\/wp-content\/uploads\/2022\/07\/2-724x1024.png 724w, http:\/\/ekoauto.org\/wp-content\/uploads\/2022\/07\/2-212x300.png 212w, http:\/\/ekoauto.org\/wp-content\/uploads\/2022\/07\/2-768x1086.png 768w, http:\/\/ekoauto.org\/wp-content\/uploads\/2022\/07\/2-1086x1536.png 1086w, http:\/\/ekoauto.org\/wp-content\/uploads\/2022\/07\/2-1448x2048.png 1448w, http:\/\/ekoauto.org\/wp-content\/uploads\/2022\/07\/2.png 1587w\" sizes=\"(max-width: 724px) 100vw, 724px\" \/><\/figure><\/li><\/ul><\/figure>\n\n\n\n<p><a rel=\"noreferrer noopener\" href=\"http:\/\/ekoauto.org\/wp-content\/uploads\/2022\/07\/FORMULARZ-ZGLOSZENIOWY.pdf\" target=\"_blank\"><strong>FORMULARZ ZG\u0141OSZENIOWY<\/strong><\/a><\/p>\n\n\n\n<p><a href=\"http:\/\/ekoauto.org\/wp-content\/uploads\/2022\/07\/BROSZURA.pdf\" target=\"_blank\" rel=\"noreferrer noopener\"><strong>BROSZURA INFORMACYJNA<\/strong><\/a><\/p>\n","protected":false},"excerpt":{"rendered":"<p>Od d\u0142u\u017cszego czasu nosili\u015bmy si\u0119 z zamiarem zorganizowania nieszablonowego spotkania, kt\u00f3re zgromadzi stacje demonta\u017cu pojazd\u00f3w i bran\u017c\u0119 recyklingu pojazd\u00f3w. Spotkania, podczas kt\u00f3rego w swobodnej, p\u00f3\u0142formalnej atmosferze b\u0119dzie mo\u017cna wymieni\u0107 si\u0119 do\u015bwiadczeniami, sp\u0119dzi\u0107 mi\u0142o czas w\u015br\u00f3d os\u00f3b, kt\u00f3re na co dzie\u0144 w pracy zawodowej borykaj\u0105 si\u0119 z podobnymi bol\u0105czkami, pozyska\u0107 wa\u017cne informacje. Ju\u017c dzi\u015b zapraszamy zatem &#8230; <a title=\"Spotkanie dla stacji demonta\u017cu pojazd\u00f3w i bran\u017cy recyklingu\" class=\"read-more\" href=\"http:\/\/ekoauto.org\/?p=4003\" aria-label=\"Read more about Spotkanie dla stacji demonta\u017cu pojazd\u00f3w i bran\u017cy recyklingu\">Dowiedz si\u0119 wi\u0119cej<\/a><\/p>\n","protected":false},"author":2,"featured_media":0,"comment_status":"open","ping_status":"open","sticky":false,"template":"","format":"standard","meta":{"_monsterinsights_skip_tracking":false,"_monsterinsights_sitenote_active":false,"_monsterinsights_sitenote_note":"","_monsterinsights_sitenote_category":0,"footnotes":""},"categories":[1],"tags":[],"class_list":["post-4003","post","type-post","status-publish","format-standard","hentry","category-bez-kategorii"],"_links":{"self":[{"href":"http:\/\/ekoauto.org\/index.php?rest_route=\/wp\/v2\/posts\/4003","targetHints":{"allow":["GET"]}}],"collection":[{"href":"http:\/\/ekoauto.org\/index.php?rest_route=\/wp\/v2\/posts"}],"about":[{"href":"http:\/\/ekoauto.org\/index.php?rest_route=\/wp\/v2\/types\/post"}],"author":[{"embeddable":true,"href":"http:\/\/ekoauto.org\/index.php?rest_route=\/wp\/v2\/users\/2"}],"replies":[{"embeddable":true,"href":"http:\/\/ekoauto.org\/index.php?rest_route=%2Fwp%2Fv2%2Fcomments&post=4003"}],"version-history":[{"count":9,"href":"http:\/\/ekoauto.org\/index.php?rest_route=\/wp\/v2\/posts\/4003\/revisions"}],"predecessor-version":[{"id":4019,"href":"http:\/\/ekoauto.org\/index.php?rest_route=\/wp\/v2\/posts\/4003\/revisions\/4019"}],"wp:attachment":[{"href":"http:\/\/ekoauto.org\/index.php?rest_route=%2Fwp%2Fv2%2Fmedia&parent=4003"}],"wp:term":[{"taxonomy":"category","embeddable":true,"href":"http:\/\/ekoauto.org\/index.php?rest_route=%2Fwp%2Fv2%2Fcategories&post=4003"},{"taxonomy":"post_tag","embeddable":true,"href":"http:\/\/ekoauto.org\/index.php?rest_route=%2Fwp%2Fv2%2Ftags&post=4003"}],"curies":[{"name":"wp","href":"https:\/\/api.w.org\/{rel}","templated":true}]}}