{"id":3856,"date":"2021-04-01T10:32:30","date_gmt":"2021-04-01T08:32:30","guid":{"rendered":"http:\/\/ekoauto.org\/?p=3856"},"modified":"2021-04-01T10:32:31","modified_gmt":"2021-04-01T08:32:31","slug":"posiedzenie-zespolu-roboczego-ds-branzy-motoryzacyjnej-6","status":"publish","type":"post","link":"http:\/\/ekoauto.org\/?p=3856","title":{"rendered":"Posiedzenie Zespo\u0142u Roboczego ds. Bran\u017cy Motoryzacyjnej"},"content":{"rendered":"\n<figure class=\"wp-block-image size-large\"><img decoding=\"async\" width=\"400\" height=\"105\" src=\"http:\/\/ekoauto.org\/wp-content\/uploads\/2019\/11\/logo.png\" alt=\"\" class=\"wp-image-3425\" srcset=\"http:\/\/ekoauto.org\/wp-content\/uploads\/2019\/11\/logo.png 400w, http:\/\/ekoauto.org\/wp-content\/uploads\/2019\/11\/logo-300x79.png 300w\" sizes=\"(max-width: 400px) 100vw, 400px\" \/><\/figure>\n\n\n\n<p>31 marca 2021 r. odby\u0142o si\u0119 posiedzenie Zespo\u0142u Roboczego ds. Bran\u017cy Motoryzacyjnej. Tematem spotkania by\u0142y zagadnienia zwi\u0105zane ze zwalczaniem szarej strefy w demonta\u017cu pojazd\u00f3w oraz nielegalnego handlu cz\u0119\u015bciami samochodowymi. Ze wzgl\u0119du na poruszane tematy oraz na ochron\u0119 sposobu dzia\u0142a\u0144 organ\u00f3w kontrolnych spotkanie nie zostanie upublicznione.<\/p>\n\n\n\n<p>Prezes Jakub Smakulski poruszy\u0142 kwestie koszt\u00f3w gospodarowania odpadami oraz um\u00f3w o zapewnieniu sieci zbierania pojazd\u00f3w, w kt\u00f3rych ten koszt wyznaczano na poziomie 1 z\u0142 za odpady z jednego pojazdu. Umowy takie uderzaj\u0105 w legalnie dzia\u0142aj\u0105ce stacje demonta\u017cu pojazd\u00f3w i uniemo\u017cliwiaj\u0105 im realizacje zada\u0144 zwi\u0105zanych z recyklingiem pojazd\u00f3w wycofanych z eksploatacji.<\/p>\n","protected":false},"excerpt":{"rendered":"<p>31 marca 2021 r. odby\u0142o si\u0119 posiedzenie Zespo\u0142u Roboczego ds. Bran\u017cy Motoryzacyjnej. Tematem spotkania by\u0142y zagadnienia zwi\u0105zane ze zwalczaniem szarej strefy w demonta\u017cu pojazd\u00f3w oraz nielegalnego handlu cz\u0119\u015bciami samochodowymi. Ze wzgl\u0119du na poruszane tematy oraz na ochron\u0119 sposobu dzia\u0142a\u0144 organ\u00f3w kontrolnych spotkanie nie zostanie upublicznione. Prezes Jakub Smakulski poruszy\u0142 kwestie koszt\u00f3w gospodarowania odpadami oraz um\u00f3w &#8230; <a title=\"Posiedzenie Zespo\u0142u Roboczego ds. Bran\u017cy Motoryzacyjnej\" class=\"read-more\" href=\"http:\/\/ekoauto.org\/?p=3856\" aria-label=\"Read more about Posiedzenie Zespo\u0142u Roboczego ds. Bran\u017cy Motoryzacyjnej\">Dowiedz si\u0119 wi\u0119cej<\/a><\/p>\n","protected":false},"author":2,"featured_media":0,"comment_status":"open","ping_status":"open","sticky":false,"template":"","format":"standard","meta":{"_monsterinsights_skip_tracking":false,"_monsterinsights_sitenote_active":false,"_monsterinsights_sitenote_note":"","_monsterinsights_sitenote_category":0,"footnotes":""},"categories":[1],"tags":[],"class_list":["post-3856","post","type-post","status-publish","format-standard","hentry","category-bez-kategorii"],"_links":{"self":[{"href":"http:\/\/ekoauto.org\/index.php?rest_route=\/wp\/v2\/posts\/3856","targetHints":{"allow":["GET"]}}],"collection":[{"href":"http:\/\/ekoauto.org\/index.php?rest_route=\/wp\/v2\/posts"}],"about":[{"href":"http:\/\/ekoauto.org\/index.php?rest_route=\/wp\/v2\/types\/post"}],"author":[{"embeddable":true,"href":"http:\/\/ekoauto.org\/index.php?rest_route=\/wp\/v2\/users\/2"}],"replies":[{"embeddable":true,"href":"http:\/\/ekoauto.org\/index.php?rest_route=%2Fwp%2Fv2%2Fcomments&post=3856"}],"version-history":[{"count":1,"href":"http:\/\/ekoauto.org\/index.php?rest_route=\/wp\/v2\/posts\/3856\/revisions"}],"predecessor-version":[{"id":3857,"href":"http:\/\/ekoauto.org\/index.php?rest_route=\/wp\/v2\/posts\/3856\/revisions\/3857"}],"wp:attachment":[{"href":"http:\/\/ekoauto.org\/index.php?rest_route=%2Fwp%2Fv2%2Fmedia&parent=3856"}],"wp:term":[{"taxonomy":"category","embeddable":true,"href":"http:\/\/ekoauto.org\/index.php?rest_route=%2Fwp%2Fv2%2Fcategories&post=3856"},{"taxonomy":"post_tag","embeddable":true,"href":"http:\/\/ekoauto.org\/index.php?rest_route=%2Fwp%2Fv2%2Ftags&post=3856"}],"curies":[{"name":"wp","href":"https:\/\/api.w.org\/{rel}","templated":true}]}}