{"id":3853,"date":"2021-03-18T13:04:06","date_gmt":"2021-03-18T12:04:06","guid":{"rendered":"http:\/\/ekoauto.org\/?p=3853"},"modified":"2021-03-18T13:04:11","modified_gmt":"2021-03-18T12:04:11","slug":"posiedzenie-zespolu-roboczego-ds-branzy-motoryzacyjnej-5","status":"publish","type":"post","link":"http:\/\/ekoauto.org\/?p=3853","title":{"rendered":"Posiedzenie Zespo\u0142u Roboczego ds. Bran\u017cy Motoryzacyjnej"},"content":{"rendered":"\n<figure class=\"wp-block-image size-large\"><img decoding=\"async\" width=\"400\" height=\"105\" src=\"http:\/\/ekoauto.org\/wp-content\/uploads\/2019\/11\/logo.png\" alt=\"\" class=\"wp-image-3425\" srcset=\"http:\/\/ekoauto.org\/wp-content\/uploads\/2019\/11\/logo.png 400w, http:\/\/ekoauto.org\/wp-content\/uploads\/2019\/11\/logo-300x79.png 300w\" sizes=\"(max-width: 400px) 100vw, 400px\" \/><\/figure>\n\n\n\n<p>18 marca 2021 odby\u0142o si\u0119 kolejne posiedzenie Zespo\u0142u Roboczego ds. Bran\u017cy Motoryzacyjnej dzia\u0142aj\u0105cego przy Biurze Rzecznika Ma\u0142ych i \u015arednich Przedsi\u0119biorc\u00f3w. Kontynuowane by\u0142y prace dotycz\u0105ce zagadnienia szkody ca\u0142kowitej. <\/p>\n\n\n\n<p>Prezes Jakub Smakulski apelowa\u0142 o ustalenie precyzyjnej definicji, kt\u00f3ra mog\u0142aby si\u0119 sta\u0107 jednym z element\u00f3w ograniczania szarej strefy na rynku recyklingu pojazd\u00f3w wycofanych z eksploatacji. <\/p>\n\n\n\n<p>Kolejne posiedzenie zespo\u0142u planowane jest na 5 maja 2021 r. na godz. 13:00.<\/p>\n","protected":false},"excerpt":{"rendered":"<p>18 marca 2021 odby\u0142o si\u0119 kolejne posiedzenie Zespo\u0142u Roboczego ds. Bran\u017cy Motoryzacyjnej dzia\u0142aj\u0105cego przy Biurze Rzecznika Ma\u0142ych i \u015arednich Przedsi\u0119biorc\u00f3w. Kontynuowane by\u0142y prace dotycz\u0105ce zagadnienia szkody ca\u0142kowitej. Prezes Jakub Smakulski apelowa\u0142 o ustalenie precyzyjnej definicji, kt\u00f3ra mog\u0142aby si\u0119 sta\u0107 jednym z element\u00f3w ograniczania szarej strefy na rynku recyklingu pojazd\u00f3w wycofanych z eksploatacji. Kolejne posiedzenie zespo\u0142u &#8230; <a title=\"Posiedzenie Zespo\u0142u Roboczego ds. Bran\u017cy Motoryzacyjnej\" class=\"read-more\" href=\"http:\/\/ekoauto.org\/?p=3853\" aria-label=\"Read more about Posiedzenie Zespo\u0142u Roboczego ds. Bran\u017cy Motoryzacyjnej\">Dowiedz si\u0119 wi\u0119cej<\/a><\/p>\n","protected":false},"author":2,"featured_media":0,"comment_status":"open","ping_status":"open","sticky":false,"template":"","format":"standard","meta":{"_monsterinsights_skip_tracking":false,"_monsterinsights_sitenote_active":false,"_monsterinsights_sitenote_note":"","_monsterinsights_sitenote_category":0,"footnotes":""},"categories":[1],"tags":[],"class_list":["post-3853","post","type-post","status-publish","format-standard","hentry","category-bez-kategorii"],"_links":{"self":[{"href":"http:\/\/ekoauto.org\/index.php?rest_route=\/wp\/v2\/posts\/3853","targetHints":{"allow":["GET"]}}],"collection":[{"href":"http:\/\/ekoauto.org\/index.php?rest_route=\/wp\/v2\/posts"}],"about":[{"href":"http:\/\/ekoauto.org\/index.php?rest_route=\/wp\/v2\/types\/post"}],"author":[{"embeddable":true,"href":"http:\/\/ekoauto.org\/index.php?rest_route=\/wp\/v2\/users\/2"}],"replies":[{"embeddable":true,"href":"http:\/\/ekoauto.org\/index.php?rest_route=%2Fwp%2Fv2%2Fcomments&post=3853"}],"version-history":[{"count":1,"href":"http:\/\/ekoauto.org\/index.php?rest_route=\/wp\/v2\/posts\/3853\/revisions"}],"predecessor-version":[{"id":3854,"href":"http:\/\/ekoauto.org\/index.php?rest_route=\/wp\/v2\/posts\/3853\/revisions\/3854"}],"wp:attachment":[{"href":"http:\/\/ekoauto.org\/index.php?rest_route=%2Fwp%2Fv2%2Fmedia&parent=3853"}],"wp:term":[{"taxonomy":"category","embeddable":true,"href":"http:\/\/ekoauto.org\/index.php?rest_route=%2Fwp%2Fv2%2Fcategories&post=3853"},{"taxonomy":"post_tag","embeddable":true,"href":"http:\/\/ekoauto.org\/index.php?rest_route=%2Fwp%2Fv2%2Ftags&post=3853"}],"curies":[{"name":"wp","href":"https:\/\/api.w.org\/{rel}","templated":true}]}}