{"id":3824,"date":"2021-01-21T12:35:24","date_gmt":"2021-01-21T11:35:24","guid":{"rendered":"http:\/\/ekoauto.org\/?p=3824"},"modified":"2021-01-21T12:35:26","modified_gmt":"2021-01-21T11:35:26","slug":"posiedzenie-zespolu-roboczego-ds-branzy-motoryzacyjnej-3","status":"publish","type":"post","link":"http:\/\/ekoauto.org\/?p=3824","title":{"rendered":"Posiedzenie Zespo\u0142u Roboczego ds. Bran\u017cy Motoryzacyjnej"},"content":{"rendered":"\n<figure class=\"wp-block-image size-large\"><img fetchpriority=\"high\" decoding=\"async\" width=\"947\" height=\"501\" src=\"http:\/\/ekoauto.org\/wp-content\/uploads\/2021\/01\/obraz.png\" alt=\"\" class=\"wp-image-3825\" srcset=\"http:\/\/ekoauto.org\/wp-content\/uploads\/2021\/01\/obraz.png 947w, http:\/\/ekoauto.org\/wp-content\/uploads\/2021\/01\/obraz-300x159.png 300w, http:\/\/ekoauto.org\/wp-content\/uploads\/2021\/01\/obraz-768x406.png 768w\" sizes=\"(max-width: 947px) 100vw, 947px\" \/><figcaption>Temat posiedzenia: Definicja technicznej szkody ca\u0142kowitej- propozycje sformu\u0142owa\u0144.<\/figcaption><\/figure>\n\n\n\n<p>21.01.2021 odby\u0142o si\u0119 posiedzenie Zespo\u0142u Roboczego ds. Bran\u017cy Motoryzacyjnej dzia\u0142aj\u0105cego przy Biurze Rzecznika Ma\u0142ych i \u015arednich Przedsi\u0119biorc\u00f3w po\u015bwi\u0119cone zagadnieniom tzw. technicznej szkody ca\u0142kowitej. Prezes Smakulski podkre\u015bla\u0142 szkodliwo\u015b\u0107 braku doprecyzowania w przepisach zagadnie\u0144 zwi\u0105zanych z faktem, kiedy pojazd staje si\u0119 pojazdem wycofanych z eksploatacji. Po\u0142o\u017cy\u0142 nacisk, aby przepisy jednoznacznie okre\u015bli\u0142y kiedy pojazd ma trafi\u0107 do legalnej stacji demonta\u017cu pojazd\u00f3w. Stowarzyszenie EKO-AUTO nadal b\u0119dzie uczestniczy\u0142o w pracach nad wypracowaniem nowych regulacji w prawie.<\/p>\n","protected":false},"excerpt":{"rendered":"<p>21.01.2021 odby\u0142o si\u0119 posiedzenie Zespo\u0142u Roboczego ds. Bran\u017cy Motoryzacyjnej dzia\u0142aj\u0105cego przy Biurze Rzecznika Ma\u0142ych i \u015arednich Przedsi\u0119biorc\u00f3w po\u015bwi\u0119cone zagadnieniom tzw. technicznej szkody ca\u0142kowitej. Prezes Smakulski podkre\u015bla\u0142 szkodliwo\u015b\u0107 braku doprecyzowania w przepisach zagadnie\u0144 zwi\u0105zanych z faktem, kiedy pojazd staje si\u0119 pojazdem wycofanych z eksploatacji. Po\u0142o\u017cy\u0142 nacisk, aby przepisy jednoznacznie okre\u015bli\u0142y kiedy pojazd ma trafi\u0107 do legalnej &#8230; <a title=\"Posiedzenie Zespo\u0142u Roboczego ds. Bran\u017cy Motoryzacyjnej\" class=\"read-more\" href=\"http:\/\/ekoauto.org\/?p=3824\" aria-label=\"Read more about Posiedzenie Zespo\u0142u Roboczego ds. Bran\u017cy Motoryzacyjnej\">Dowiedz si\u0119 wi\u0119cej<\/a><\/p>\n","protected":false},"author":2,"featured_media":0,"comment_status":"open","ping_status":"open","sticky":false,"template":"","format":"standard","meta":{"_monsterinsights_skip_tracking":false,"_monsterinsights_sitenote_active":false,"_monsterinsights_sitenote_note":"","_monsterinsights_sitenote_category":0,"footnotes":""},"categories":[1],"tags":[],"class_list":["post-3824","post","type-post","status-publish","format-standard","hentry","category-bez-kategorii"],"_links":{"self":[{"href":"http:\/\/ekoauto.org\/index.php?rest_route=\/wp\/v2\/posts\/3824","targetHints":{"allow":["GET"]}}],"collection":[{"href":"http:\/\/ekoauto.org\/index.php?rest_route=\/wp\/v2\/posts"}],"about":[{"href":"http:\/\/ekoauto.org\/index.php?rest_route=\/wp\/v2\/types\/post"}],"author":[{"embeddable":true,"href":"http:\/\/ekoauto.org\/index.php?rest_route=\/wp\/v2\/users\/2"}],"replies":[{"embeddable":true,"href":"http:\/\/ekoauto.org\/index.php?rest_route=%2Fwp%2Fv2%2Fcomments&post=3824"}],"version-history":[{"count":1,"href":"http:\/\/ekoauto.org\/index.php?rest_route=\/wp\/v2\/posts\/3824\/revisions"}],"predecessor-version":[{"id":3826,"href":"http:\/\/ekoauto.org\/index.php?rest_route=\/wp\/v2\/posts\/3824\/revisions\/3826"}],"wp:attachment":[{"href":"http:\/\/ekoauto.org\/index.php?rest_route=%2Fwp%2Fv2%2Fmedia&parent=3824"}],"wp:term":[{"taxonomy":"category","embeddable":true,"href":"http:\/\/ekoauto.org\/index.php?rest_route=%2Fwp%2Fv2%2Fcategories&post=3824"},{"taxonomy":"post_tag","embeddable":true,"href":"http:\/\/ekoauto.org\/index.php?rest_route=%2Fwp%2Fv2%2Ftags&post=3824"}],"curies":[{"name":"wp","href":"https:\/\/api.w.org\/{rel}","templated":true}]}}