{"id":3768,"date":"2020-08-10T14:03:16","date_gmt":"2020-08-10T12:03:16","guid":{"rendered":"http:\/\/ekoauto.org\/?p=3768"},"modified":"2020-08-10T14:03:30","modified_gmt":"2020-08-10T12:03:30","slug":"posiedzenie-zespolu-roboczego-ds-recyklingu-i-gospodarki-odpadami-przy-biurze-rzecznika-malych-i-srednich-przedsiebiorcow-3","status":"publish","type":"post","link":"http:\/\/ekoauto.org\/?p=3768","title":{"rendered":"Posiedzenie Zespo\u0142u Roboczego ds. Recyklingu i Gospodarki Odpadami przy Biurze Rzecznika Ma\u0142ych i \u015arednich Przedsi\u0119biorc\u00f3w"},"content":{"rendered":"\n<p>Dnia 10 sierpnia 2020r. odby\u0142o si\u0119 posiedzenie Zespo\u0142u ds. Recyklingu i Gospodarki Odpadami dzia\u0142aj\u0105cego przy Rzeczniku Ma\u0142ych i \u015arednich Przedsi\u0119biorc\u00f3w omawiane zosta\u0142y tematy dotycz\u0105ce funkcjonowania BDO. Instytut odnotowa\u0142 ju\u017c pierwsze importy danych wykonywane przez stacje demonta\u017cu pojazd\u00f3w. W okresie listopad-grudzie\u0144 planowane s\u0105 wdro\u017cenia odno\u015bnie sprawozda\u0144 dotycz\u0105cych sprawozda\u0144 za rok 2020. Sprawozdawczo\u015b\u0107 wytw\u00f3rc\u00f3w w ocenie przedstawicieli Instytutu dzia\u0142a poprawnie, przy oczywistych jednostkowych niedoskona\u0142o\u015bciach.<\/p>\n\n\n\n<p>Wprowadzane s\u0105 poprawki w API w zakresie sprawozdawczo\u015bci dotycz\u0105cej op\u0142aty produktowej i wytwarzania odpad\u00f3w. Zidentyfikowane problemy b\u0119d\u0105 wdra\u017cane w najbli\u017cszych dniach. Instytut Ochrony \u015arodowiska g\u0142\u00f3wnie skupia si\u0119 na eliminowaniu b\u0142\u0119d\u00f3w i usprawnianiu pracy API w celu integracji BDO.<\/p>\n\n\n\n<p>Prezes Jakub Smakulski poprosi\u0142 o usprawnienie dzia\u0142ania kilku element\u00f3w BDO takich jak check boxy sprawdzaj\u0105ce poprawno\u015b\u0107 wykonanego sprawozdania, czy mo\u017cliwo\u015b\u0107 zaznaczania wi\u0119cej ni\u017c jednej karty przekazania odpadu w przypadku wprowadzania jej do ewidencji. Przedstawiciel Instytutu potwierdzi\u0142 r\u00f3wnie\u017c, \u017ce poziomy odzysku i recyklingu wprowadzane b\u0119d\u0105 r\u0119cznie do sprawozdania. Takie wytyczne przekaza\u0142o pracownikom instytutu Ministerstwo \u015arodowiska, kt\u00f3re\u00a0 zajmowa\u0142o si\u0119 nadzorem nad wdra\u017caniem systemu.\u00a0<\/p>\n","protected":false},"excerpt":{"rendered":"<p>Dnia 10 sierpnia 2020r. odby\u0142o si\u0119 posiedzenie Zespo\u0142u ds. Recyklingu i Gospodarki Odpadami dzia\u0142aj\u0105cego przy Rzeczniku Ma\u0142ych i \u015arednich Przedsi\u0119biorc\u00f3w omawiane zosta\u0142y tematy dotycz\u0105ce funkcjonowania BDO. Instytut odnotowa\u0142 ju\u017c pierwsze importy danych wykonywane przez stacje demonta\u017cu pojazd\u00f3w. W okresie listopad-grudzie\u0144 planowane s\u0105 wdro\u017cenia odno\u015bnie sprawozda\u0144 dotycz\u0105cych sprawozda\u0144 za rok 2020. Sprawozdawczo\u015b\u0107 wytw\u00f3rc\u00f3w w ocenie przedstawicieli &#8230; <a title=\"Posiedzenie Zespo\u0142u Roboczego ds. Recyklingu i Gospodarki Odpadami przy Biurze Rzecznika Ma\u0142ych i \u015arednich Przedsi\u0119biorc\u00f3w\" class=\"read-more\" href=\"http:\/\/ekoauto.org\/?p=3768\" aria-label=\"Read more about Posiedzenie Zespo\u0142u Roboczego ds. Recyklingu i Gospodarki Odpadami przy Biurze Rzecznika Ma\u0142ych i \u015arednich Przedsi\u0119biorc\u00f3w\">Dowiedz si\u0119 wi\u0119cej<\/a><\/p>\n","protected":false},"author":2,"featured_media":0,"comment_status":"open","ping_status":"open","sticky":false,"template":"","format":"standard","meta":{"_monsterinsights_skip_tracking":false,"_monsterinsights_sitenote_active":false,"_monsterinsights_sitenote_note":"","_monsterinsights_sitenote_category":0,"footnotes":""},"categories":[1],"tags":[],"class_list":["post-3768","post","type-post","status-publish","format-standard","hentry","category-bez-kategorii"],"_links":{"self":[{"href":"http:\/\/ekoauto.org\/index.php?rest_route=\/wp\/v2\/posts\/3768","targetHints":{"allow":["GET"]}}],"collection":[{"href":"http:\/\/ekoauto.org\/index.php?rest_route=\/wp\/v2\/posts"}],"about":[{"href":"http:\/\/ekoauto.org\/index.php?rest_route=\/wp\/v2\/types\/post"}],"author":[{"embeddable":true,"href":"http:\/\/ekoauto.org\/index.php?rest_route=\/wp\/v2\/users\/2"}],"replies":[{"embeddable":true,"href":"http:\/\/ekoauto.org\/index.php?rest_route=%2Fwp%2Fv2%2Fcomments&post=3768"}],"version-history":[{"count":2,"href":"http:\/\/ekoauto.org\/index.php?rest_route=\/wp\/v2\/posts\/3768\/revisions"}],"predecessor-version":[{"id":3770,"href":"http:\/\/ekoauto.org\/index.php?rest_route=\/wp\/v2\/posts\/3768\/revisions\/3770"}],"wp:attachment":[{"href":"http:\/\/ekoauto.org\/index.php?rest_route=%2Fwp%2Fv2%2Fmedia&parent=3768"}],"wp:term":[{"taxonomy":"category","embeddable":true,"href":"http:\/\/ekoauto.org\/index.php?rest_route=%2Fwp%2Fv2%2Fcategories&post=3768"},{"taxonomy":"post_tag","embeddable":true,"href":"http:\/\/ekoauto.org\/index.php?rest_route=%2Fwp%2Fv2%2Ftags&post=3768"}],"curies":[{"name":"wp","href":"https:\/\/api.w.org\/{rel}","templated":true}]}}