{"id":3763,"date":"2020-07-29T07:27:19","date_gmt":"2020-07-29T05:27:19","guid":{"rendered":"http:\/\/ekoauto.org\/?p=3763"},"modified":"2020-07-29T07:29:17","modified_gmt":"2020-07-29T05:29:17","slug":"konkurs-dofinansowanie-dzialan-platnika-skladek-na-poprawe-bezpieczenstwa-i-higieny-pracy","status":"publish","type":"post","link":"http:\/\/ekoauto.org\/?p=3763","title":{"rendered":"Konkurs &#8222;Dofinansowanie dzia\u0142a\u0144 p\u0142atnika sk\u0142adek na popraw\u0119 bezpiecze\u0144stwa i higieny pracy&#8221;"},"content":{"rendered":"\n<figure class=\"wp-block-image\"><img decoding=\"async\" width=\"306\" height=\"136\" src=\"http:\/\/ekoauto.org\/wp-content\/uploads\/2020\/07\/lo.jpg\" alt=\"\" class=\"wp-image-3765\" srcset=\"http:\/\/ekoauto.org\/wp-content\/uploads\/2020\/07\/lo.jpg 306w, http:\/\/ekoauto.org\/wp-content\/uploads\/2020\/07\/lo-300x133.jpg 300w\" sizes=\"(max-width: 306px) 100vw, 306px\" \/><\/figure>\n\n\n\n<p>Zak\u0142ad Ubezpiecze\u0144 Spo\u0142ecznych og\u0142osi\u0142 konkurs: <strong>&#8222;Dofinansowanie dzia\u0142a\u0144 p\u0142atnika sk\u0142adek na popraw\u0119 bezpiecze\u0144stwa i higieny pracy&#8221;<\/strong>.<\/p>\n\n\n\n<p>Wnioski o dofinansowanie mo\u017cna sk\u0142ada\u0107 od <strong>27 lipca 2020 r. do 31 sierpnia 2020 r.<\/strong><\/p>\n\n\n\n<p>Wi\u0119cej o Konkursie <a rel=\"noreferrer noopener\" href=\"https:\/\/l.facebook.com\/l.php?u=https%3A%2F%2Fbip.zus.pl%2Fkonkurs-dofinansowanie-dzialan-platnika-skladek-na-poprawe-bezpieczenstwa-i-higieny-pracy%3Ffbclid%3DIwAR3F2pRUWx_SxaC5GiplLqvr89tRMINuyEAGmtBFWxABT1m5O4cfETmekB0&amp;h=AT3I5T45wsLO6Z-85VGwdUd_9sXGHiuygbt28P5cqbN5K8RCeJ8gUeuFONL5VuXtYYC57us2FseIlLhroMiO7Odnq3_GhnCnDzbuKuOv-sBUif8Y8llRscK9tEQ1ZGtXfMoq&amp;__tn__=-UK-R&amp;c[0]=AT3PYmIToOrhipmKgq3qg7y2cZI0CxQawW8t9f1ZCClv7dNidz8Pz6yLDzDXJfAmgLKVMsCWTgmZ-0fRHUcwGoN-c-ekjffDcfeau5ldWp7LnEZLmtWvuGpPF5rtFpf3R3Dz7vbO4Ws5P3fJefJGLcpQk6qRnKKdE3QPCTNZzdMawcL1mSGKrQtsxcWnBus\" target=\"_blank\">https:\/\/bip.zus.pl\/konkurs-dofinansowanie-dzialan-platnika-skladek-na-poprawe-bezpieczenstwa-i-higieny-pracy<\/a><\/p>\n","protected":false},"excerpt":{"rendered":"<p>Zak\u0142ad Ubezpiecze\u0144 Spo\u0142ecznych og\u0142osi\u0142 konkurs: &#8222;Dofinansowanie dzia\u0142a\u0144 p\u0142atnika sk\u0142adek na popraw\u0119 bezpiecze\u0144stwa i higieny pracy&#8221;. Wnioski o dofinansowanie mo\u017cna sk\u0142ada\u0107 od 27 lipca 2020 r. do 31 sierpnia 2020 r. Wi\u0119cej o Konkursie https:\/\/bip.zus.pl\/konkurs-dofinansowanie-dzialan-platnika-skladek-na-poprawe-bezpieczenstwa-i-higieny-pracy<\/p>\n","protected":false},"author":2,"featured_media":0,"comment_status":"open","ping_status":"open","sticky":false,"template":"","format":"standard","meta":{"_monsterinsights_skip_tracking":false,"_monsterinsights_sitenote_active":false,"_monsterinsights_sitenote_note":"","_monsterinsights_sitenote_category":0,"footnotes":""},"categories":[1],"tags":[],"class_list":["post-3763","post","type-post","status-publish","format-standard","hentry","category-bez-kategorii"],"_links":{"self":[{"href":"http:\/\/ekoauto.org\/index.php?rest_route=\/wp\/v2\/posts\/3763","targetHints":{"allow":["GET"]}}],"collection":[{"href":"http:\/\/ekoauto.org\/index.php?rest_route=\/wp\/v2\/posts"}],"about":[{"href":"http:\/\/ekoauto.org\/index.php?rest_route=\/wp\/v2\/types\/post"}],"author":[{"embeddable":true,"href":"http:\/\/ekoauto.org\/index.php?rest_route=\/wp\/v2\/users\/2"}],"replies":[{"embeddable":true,"href":"http:\/\/ekoauto.org\/index.php?rest_route=%2Fwp%2Fv2%2Fcomments&post=3763"}],"version-history":[{"count":2,"href":"http:\/\/ekoauto.org\/index.php?rest_route=\/wp\/v2\/posts\/3763\/revisions"}],"predecessor-version":[{"id":3766,"href":"http:\/\/ekoauto.org\/index.php?rest_route=\/wp\/v2\/posts\/3763\/revisions\/3766"}],"wp:attachment":[{"href":"http:\/\/ekoauto.org\/index.php?rest_route=%2Fwp%2Fv2%2Fmedia&parent=3763"}],"wp:term":[{"taxonomy":"category","embeddable":true,"href":"http:\/\/ekoauto.org\/index.php?rest_route=%2Fwp%2Fv2%2Fcategories&post=3763"},{"taxonomy":"post_tag","embeddable":true,"href":"http:\/\/ekoauto.org\/index.php?rest_route=%2Fwp%2Fv2%2Ftags&post=3763"}],"curies":[{"name":"wp","href":"https:\/\/api.w.org\/{rel}","templated":true}]}}