{"id":3682,"date":"2020-04-28T14:49:33","date_gmt":"2020-04-28T12:49:33","guid":{"rendered":"http:\/\/ekoauto.org\/?p=3682"},"modified":"2020-04-28T14:51:34","modified_gmt":"2020-04-28T12:51:34","slug":"rzadowy-projekt-ustawy-o-zmianie-niektorych-ustaw-w-zakresie-dzialan-oslonowych-w-zwiazku-z-rozprzestrzenianiem-sie-wirusa-sars-cov-2","status":"publish","type":"post","link":"http:\/\/ekoauto.org\/?p=3682","title":{"rendered":"Rz\u0105dowy projekt ustawy o zmianie niekt\u00f3rych ustaw w zakresie dzia\u0142a\u0144 os\u0142onowych w zwi\u0105zku z rozprzestrzenianiem si\u0119 wirusa SARS-CoV-2."},"content":{"rendered":"\n<p>28 kwietnia do Sejmu wp\u0142yn\u0105\u0142 rz\u0105dowy projekt ustawy o zmianie niekt\u00f3rych ustaw w zakresie  dzia\u0142a\u0144 os\u0142onowych w zwi\u0105zku z\u00a0rozprzestrzenianiem si\u0119 wirusa  SARS-CoV-2.<\/p>\n\n\n\n<p><a href=\"https:\/\/www.sejm.gov.pl\/Sejm9.nsf\/druk.xsp?nr=344\" target=\"_blank\" rel=\"noreferrer noopener\" aria-label=\"LINK DO PROCESU LEGISLACYJNEGO (otwiera si\u0119 na nowej zak\u0142adce)\">LINK DO PROCESU LEGISLACYJNEGO<\/a><\/p>\n\n\n\n<p>Poni\u017cej przedstawiamy wycinek z projektu ustawy:<\/p>\n\n\n\n<p>W ustawie z dnia 14 grudnia 2012 r. o odpadach (Dz. U. z 2019 r. poz. 701, z p\u00f3\u017an. zm. )) wprowadza si\u0119 nast\u0119puj\u0105ce zmiany:<br \/>       1)\u00a0\u00a0\u00a0 w art. 236a uchyla si\u0119 ust. 3;<br \/>       2)\u00a0\u00a0\u00a0 po art. 236a dodaje si\u0119 art. 236b w brzmieniu:<br \/>       \u201eArt. 236b. 1. Podmioty, o kt\u00f3rych mowa w art. 50 ust. 1 i art. 51 ust. 1, mog\u0105 prowadzi\u0107 ewidencj\u0119 odpad\u00f3w na zasadach okre\u015blonych w art. 236a ust. 1, przed uzyskaniem wpisu do rejestru, o kt\u00f3rym       mowa w art. 49 ust. 1.<br \/>       2. Podmioty, o kt\u00f3rych mowa w ust. 1, nie stosuj\u0105 numeru    rejestrowego, o kt\u00f3rym mowa w art. 54 ust. 1, na dokumentach,  kt\u00f3rych wzory zosta\u0142y okre\u015blone w za\u0142\u0105cznikach nr 5a\u20135g do ustawy.<br \/>       3. W terminie do 31 grudnia 2020 r. do podmiot\u00f3w, o kt\u00f3rych mowa w       art. 50 ust. 1, kt\u00f3re z\u0142o\u017cy\u0142y wniosek o wpis do rejestru, nie       stosuje si\u0119 przepis\u00f3w art. 50 ust. 2 i 3 oraz art. 194 ust. 1 pkt 5.\u201d;<br \/>       3)\u00a0\u00a0\u00a0 art. 237ea otrzymuje brzmienie:<br \/>       \u201eArt. 237ea. 1. Podmioty obowi\u0105zane do sporz\u0105dzenia za rok 2019       sprawozda\u0144, o kt\u00f3rych mowa w art. 73 i art. 74a, sk\u0142adaj\u0105 je w terminie do dnia 11 wrze\u015bnia 2020r.<br \/>       2. Podmioty obowi\u0105zane do sporz\u0105dzenia za rok 2019 sprawozda\u0144, o       kt\u00f3rych mowa w art. 75, sk\u0142adaj\u0105 je w terminie do dnia 31 pa\u017adziernika 2020 r., z wyj\u0105tkiem podmiot\u00f3w, o kt\u00f3rych mowa w art. 75 ust. 2 pkt 4 i 5, kt\u00f3re sk\u0142adaj\u0105 je w terminie do dnia 11       wrze\u015bnia 2020 r.\u201d.        <br \/>  W ustawie z dnia 13 wrze\u015bnia 1996 r. o utrzymaniu czysto\u015bci i       porz\u0105dku w gminach (Dz. U. z 2019 r. poz. 2010 i 2020 oraz z 2020       r. poz. 150 i 284) art. 12a otrzymuje brzmienie:<br \/>       \u201eArt. 12a. 1. Sprawozdania za 2019 r., o kt\u00f3rych mowa w art. 9n       ust. 1, art. 9na ust. 1 i art. 9nb ust. 1, przekazuje si\u0119 w       terminie do dnia 31 sierpnia 2020 r.<br \/>       2. Sprawozdania za 2019 r., o kt\u00f3rych mowa w art. 9q, przekazuje       si\u0119 w terminie do dnia 31 pa\u017adziernika 2020 r.<br \/>       3. Sprawozdania za 2019 r., o kt\u00f3rych mowa w art. 9s, przekazuje       si\u0119 w terminie do dnia 31 grudnia 2020 r.<br \/>       4. Analiz\u0119 stanu gospodarki odpadami komunalnymi za 2019 r., o       kt\u00f3rej mowa w art. 9tb ust. 1, sporz\u0105dza si\u0119 w terminie do dnia 30       listopada 2020 r.\u201d. <br \/>       <\/p>\n","protected":false},"excerpt":{"rendered":"<p>28 kwietnia do Sejmu wp\u0142yn\u0105\u0142 rz\u0105dowy projekt ustawy o zmianie niekt\u00f3rych ustaw w zakresie dzia\u0142a\u0144 os\u0142onowych w zwi\u0105zku z\u00a0rozprzestrzenianiem si\u0119 wirusa SARS-CoV-2. LINK DO PROCESU LEGISLACYJNEGO Poni\u017cej przedstawiamy wycinek z projektu ustawy: W ustawie z dnia 14 grudnia 2012 r. o odpadach (Dz. U. z 2019 r. poz. 701, z p\u00f3\u017an. zm. )) wprowadza si\u0119 &#8230; <a title=\"Rz\u0105dowy projekt ustawy o zmianie niekt\u00f3rych ustaw w zakresie dzia\u0142a\u0144 os\u0142onowych w zwi\u0105zku z rozprzestrzenianiem si\u0119 wirusa SARS-CoV-2.\" class=\"read-more\" href=\"http:\/\/ekoauto.org\/?p=3682\" aria-label=\"Read more about Rz\u0105dowy projekt ustawy o zmianie niekt\u00f3rych ustaw w zakresie dzia\u0142a\u0144 os\u0142onowych w zwi\u0105zku z rozprzestrzenianiem si\u0119 wirusa SARS-CoV-2.\">Dowiedz si\u0119 wi\u0119cej<\/a><\/p>\n","protected":false},"author":2,"featured_media":0,"comment_status":"open","ping_status":"open","sticky":false,"template":"","format":"standard","meta":{"_monsterinsights_skip_tracking":false,"_monsterinsights_sitenote_active":false,"_monsterinsights_sitenote_note":"","_monsterinsights_sitenote_category":0,"footnotes":""},"categories":[1],"tags":[],"class_list":["post-3682","post","type-post","status-publish","format-standard","hentry","category-bez-kategorii"],"_links":{"self":[{"href":"http:\/\/ekoauto.org\/index.php?rest_route=\/wp\/v2\/posts\/3682","targetHints":{"allow":["GET"]}}],"collection":[{"href":"http:\/\/ekoauto.org\/index.php?rest_route=\/wp\/v2\/posts"}],"about":[{"href":"http:\/\/ekoauto.org\/index.php?rest_route=\/wp\/v2\/types\/post"}],"author":[{"embeddable":true,"href":"http:\/\/ekoauto.org\/index.php?rest_route=\/wp\/v2\/users\/2"}],"replies":[{"embeddable":true,"href":"http:\/\/ekoauto.org\/index.php?rest_route=%2Fwp%2Fv2%2Fcomments&post=3682"}],"version-history":[{"count":2,"href":"http:\/\/ekoauto.org\/index.php?rest_route=\/wp\/v2\/posts\/3682\/revisions"}],"predecessor-version":[{"id":3685,"href":"http:\/\/ekoauto.org\/index.php?rest_route=\/wp\/v2\/posts\/3682\/revisions\/3685"}],"wp:attachment":[{"href":"http:\/\/ekoauto.org\/index.php?rest_route=%2Fwp%2Fv2%2Fmedia&parent=3682"}],"wp:term":[{"taxonomy":"category","embeddable":true,"href":"http:\/\/ekoauto.org\/index.php?rest_route=%2Fwp%2Fv2%2Fcategories&post=3682"},{"taxonomy":"post_tag","embeddable":true,"href":"http:\/\/ekoauto.org\/index.php?rest_route=%2Fwp%2Fv2%2Ftags&post=3682"}],"curies":[{"name":"wp","href":"https:\/\/api.w.org\/{rel}","templated":true}]}}