{"id":3488,"date":"2020-01-16T09:25:07","date_gmt":"2020-01-16T08:25:07","guid":{"rendered":"http:\/\/ekoauto.org\/?p=3488"},"modified":"2020-01-16T09:40:24","modified_gmt":"2020-01-16T08:40:24","slug":"zaproszenie-dla-czlonkow-eko-auto-na-targi-ekotech-kielce-2020","status":"publish","type":"post","link":"http:\/\/ekoauto.org\/?p=3488","title":{"rendered":"Zaproszenie dla cz\u0142onk\u00f3w EKO-AUTO na Targi Ekotech Kielce 2020"},"content":{"rendered":"\n<figure class=\"wp-block-image\"><img fetchpriority=\"high\" decoding=\"async\" width=\"1024\" height=\"716\" src=\"http:\/\/ekoauto.org\/wp-content\/uploads\/2020\/01\/123-page-001-1024x716.jpg\" alt=\"\" class=\"wp-image-3489\" srcset=\"http:\/\/ekoauto.org\/wp-content\/uploads\/2020\/01\/123-page-001-1024x716.jpg 1024w, http:\/\/ekoauto.org\/wp-content\/uploads\/2020\/01\/123-page-001-300x210.jpg 300w, http:\/\/ekoauto.org\/wp-content\/uploads\/2020\/01\/123-page-001-768x537.jpg 768w\" sizes=\"(max-width: 1024px) 100vw, 1024px\" \/><\/figure>\n\n\n\n<p>Serdecznie zapraszamy do odwiedzenia stoiska Polskiego Stowarzyszenia Stacji Demonta\u017cu Pojazd\u00f3w EKO-AUTO podczas zbli\u017caj\u0105cych si\u0119 targ\u00f3w EKOTECH w Kielach.<\/p>\n\n\n\n<p><a href=\"http:\/\/ekoauto.org\/wp-content\/uploads\/2020\/01\/123.pdf\">Zaproszenie &#8211; gotowe do pobrania<\/a><\/p>\n","protected":false},"excerpt":{"rendered":"<p>Serdecznie zapraszamy do odwiedzenia stoiska Polskiego Stowarzyszenia Stacji Demonta\u017cu Pojazd\u00f3w EKO-AUTO podczas zbli\u017caj\u0105cych si\u0119 targ\u00f3w EKOTECH w Kielach. Zaproszenie &#8211; gotowe do pobrania<\/p>\n","protected":false},"author":2,"featured_media":0,"comment_status":"open","ping_status":"open","sticky":false,"template":"","format":"standard","meta":{"_monsterinsights_skip_tracking":false,"_monsterinsights_sitenote_active":false,"_monsterinsights_sitenote_note":"","_monsterinsights_sitenote_category":0,"footnotes":""},"categories":[1],"tags":[],"class_list":["post-3488","post","type-post","status-publish","format-standard","hentry","category-bez-kategorii"],"_links":{"self":[{"href":"http:\/\/ekoauto.org\/index.php?rest_route=\/wp\/v2\/posts\/3488","targetHints":{"allow":["GET"]}}],"collection":[{"href":"http:\/\/ekoauto.org\/index.php?rest_route=\/wp\/v2\/posts"}],"about":[{"href":"http:\/\/ekoauto.org\/index.php?rest_route=\/wp\/v2\/types\/post"}],"author":[{"embeddable":true,"href":"http:\/\/ekoauto.org\/index.php?rest_route=\/wp\/v2\/users\/2"}],"replies":[{"embeddable":true,"href":"http:\/\/ekoauto.org\/index.php?rest_route=%2Fwp%2Fv2%2Fcomments&post=3488"}],"version-history":[{"count":3,"href":"http:\/\/ekoauto.org\/index.php?rest_route=\/wp\/v2\/posts\/3488\/revisions"}],"predecessor-version":[{"id":3493,"href":"http:\/\/ekoauto.org\/index.php?rest_route=\/wp\/v2\/posts\/3488\/revisions\/3493"}],"wp:attachment":[{"href":"http:\/\/ekoauto.org\/index.php?rest_route=%2Fwp%2Fv2%2Fmedia&parent=3488"}],"wp:term":[{"taxonomy":"category","embeddable":true,"href":"http:\/\/ekoauto.org\/index.php?rest_route=%2Fwp%2Fv2%2Fcategories&post=3488"},{"taxonomy":"post_tag","embeddable":true,"href":"http:\/\/ekoauto.org\/index.php?rest_route=%2Fwp%2Fv2%2Ftags&post=3488"}],"curies":[{"name":"wp","href":"https:\/\/api.w.org\/{rel}","templated":true}]}}