{"id":3457,"date":"2019-12-13T08:26:38","date_gmt":"2019-12-13T07:26:38","guid":{"rendered":"http:\/\/ekoauto.org\/?p=3457"},"modified":"2019-12-13T08:26:41","modified_gmt":"2019-12-13T07:26:41","slug":"protest-stacji-demontazu-pojazdow-w-woj-malopolskim","status":"publish","type":"post","link":"http:\/\/ekoauto.org\/?p=3457","title":{"rendered":"Protest stacji demonta\u017cu pojazd\u00f3w w woj. ma\u0142opolskim"},"content":{"rendered":"\n<p>W\u0142a\u015bciciele Stacji Demonta\u017cu Pojazd\u00f3w dzia\u0142aj\u0105cych na terenie  wojew\u00f3dztwa ma\u0142opolskiego postanowili zaprotestowa\u0107 ze wzgl\u0119du na ci\u0119\u017ck\u0105  sytuacj\u0119 w bran\u017cy recyklingu pojazd\u00f3w. Od 11 grudnia 2019 r. nie b\u0119d\u0105  p\u0142aci\u0107 za pojazdy przyjmowane do Stacji Demonta\u017cu. Maksymalnie b\u0119dzie to  przys\u0142owiowa z\u0142ot\u00f3wka. <\/p>\n\n\n\n<p>Z ogromnym niepokojem przyjmujemy informacje, \u017ce stacje demonta\u017cu musz\u0105 odwo\u0142ywa\u0107 si\u0119 do formy protestu, aby zwr\u00f3ci\u0107 uwag\u0119 na ogromne problemy w bran\u017cy recyklingu pojazd\u00f3w.<\/p>\n\n\n\n<p>Stowarzyszenie EKO-AUTO na czele z prezesem Panem Jakubem Smakulskim nieustannie zabiega o zmiany przepis\u00f3w. W ostatnim czasie kierowali\u015bmy pisma do Ministerstwa \u015arodowiska (obecnie Ministerstwo Klimatu), G\u0142\u00f3wnego Inspektoratu Ochrony \u015arodowiska oraz do pos\u0142\u00f3w w celu podj\u0119cia niezw\u0142ocznych dzia\u0142a\u0144 naprawczych i modyfikacji przepis\u00f3w. <\/p>\n\n\n\n<p><a href=\"https:\/\/miastons.pl\/amp\/biznes\/stacje-demontazu-pojazdow-dla-dobra-spoleczenstwa-i-ochrony-srodowiska\/?fbclid=IwAR0Fhr1HOGbLMm2KtCLI2JRknDNjjZ04FrMFieTL_GWgV2UI62PH5qmizrg\" target=\"_blank\" rel=\"noreferrer noopener\" aria-label=\"PE\u0141NA TRE\u015a\u0106 ARTYKU\u0141U (otwiera si\u0119 na nowej zak\u0142adce)\">PE\u0141NA TRE\u015a\u0106 ARTYKU\u0141U<\/a><\/p>\n","protected":false},"excerpt":{"rendered":"<p>W\u0142a\u015bciciele Stacji Demonta\u017cu Pojazd\u00f3w dzia\u0142aj\u0105cych na terenie wojew\u00f3dztwa ma\u0142opolskiego postanowili zaprotestowa\u0107 ze wzgl\u0119du na ci\u0119\u017ck\u0105 sytuacj\u0119 w bran\u017cy recyklingu pojazd\u00f3w. Od 11 grudnia 2019 r. nie b\u0119d\u0105 p\u0142aci\u0107 za pojazdy przyjmowane do Stacji Demonta\u017cu. Maksymalnie b\u0119dzie to przys\u0142owiowa z\u0142ot\u00f3wka. Z ogromnym niepokojem przyjmujemy informacje, \u017ce stacje demonta\u017cu musz\u0105 odwo\u0142ywa\u0107 si\u0119 do formy protestu, aby zwr\u00f3ci\u0107 &#8230; <a title=\"Protest stacji demonta\u017cu pojazd\u00f3w w woj. ma\u0142opolskim\" class=\"read-more\" href=\"http:\/\/ekoauto.org\/?p=3457\" aria-label=\"Read more about Protest stacji demonta\u017cu pojazd\u00f3w w woj. ma\u0142opolskim\">Dowiedz si\u0119 wi\u0119cej<\/a><\/p>\n","protected":false},"author":2,"featured_media":0,"comment_status":"open","ping_status":"open","sticky":false,"template":"","format":"standard","meta":{"_monsterinsights_skip_tracking":false,"_monsterinsights_sitenote_active":false,"_monsterinsights_sitenote_note":"","_monsterinsights_sitenote_category":0,"footnotes":""},"categories":[1],"tags":[],"class_list":["post-3457","post","type-post","status-publish","format-standard","hentry","category-bez-kategorii"],"_links":{"self":[{"href":"http:\/\/ekoauto.org\/index.php?rest_route=\/wp\/v2\/posts\/3457","targetHints":{"allow":["GET"]}}],"collection":[{"href":"http:\/\/ekoauto.org\/index.php?rest_route=\/wp\/v2\/posts"}],"about":[{"href":"http:\/\/ekoauto.org\/index.php?rest_route=\/wp\/v2\/types\/post"}],"author":[{"embeddable":true,"href":"http:\/\/ekoauto.org\/index.php?rest_route=\/wp\/v2\/users\/2"}],"replies":[{"embeddable":true,"href":"http:\/\/ekoauto.org\/index.php?rest_route=%2Fwp%2Fv2%2Fcomments&post=3457"}],"version-history":[{"count":1,"href":"http:\/\/ekoauto.org\/index.php?rest_route=\/wp\/v2\/posts\/3457\/revisions"}],"predecessor-version":[{"id":3458,"href":"http:\/\/ekoauto.org\/index.php?rest_route=\/wp\/v2\/posts\/3457\/revisions\/3458"}],"wp:attachment":[{"href":"http:\/\/ekoauto.org\/index.php?rest_route=%2Fwp%2Fv2%2Fmedia&parent=3457"}],"wp:term":[{"taxonomy":"category","embeddable":true,"href":"http:\/\/ekoauto.org\/index.php?rest_route=%2Fwp%2Fv2%2Fcategories&post=3457"},{"taxonomy":"post_tag","embeddable":true,"href":"http:\/\/ekoauto.org\/index.php?rest_route=%2Fwp%2Fv2%2Ftags&post=3457"}],"curies":[{"name":"wp","href":"https:\/\/api.w.org\/{rel}","templated":true}]}}