{"id":3362,"date":"2019-09-30T15:52:22","date_gmt":"2019-09-30T13:52:22","guid":{"rendered":"http:\/\/ekoauto.org\/?p=3362"},"modified":"2019-09-30T15:53:46","modified_gmt":"2019-09-30T13:53:46","slug":"spotkanie-zespolu-ds-recyklingu-w-biurze-rzecznika-malych-i-srednich-przedsiebiorcow","status":"publish","type":"post","link":"http:\/\/ekoauto.org\/?p=3362","title":{"rendered":"Spotkanie Zespo\u0142u ds. Recyklingu w Biurze Rzecznika Ma\u0142ych i \u015arednich Przedsi\u0119biorc\u00f3w"},"content":{"rendered":"\n<p>W dniu 27 wrze\u015bnia 2019 r. odby\u0142o si\u0119 spotkanie <strong>Zespo\u0142u Roboczego ds. recyklingu i gospodarki odpadami<\/strong> Rady Przedsi\u0119biorc\u00f3w przy Biurze Rzecznika Ma\u0142ych i \u015arednich przedsi\u0119biorc\u00f3w. <\/p>\n\n\n\n<p>Bran\u017c\u0119 recyklingu pojazd\u00f3w wycofanych z eksploatacji reprezentowa\u0142o Stowarzyszenie Eko-Auto. W ramach pracy zespo\u0142u ds. recyklingu om\u00f3wiono tematy <strong>projekty rozporz\u0105dzenia Ministra\u00a0 Spraw Wewn\u0119trznych i Administracji w sprawie wymaga\u0144 w zakresie ochrony przeciwpo\u017carowej<\/strong>, jakie maj\u0105 spe\u0142nia\u0107 obiekty budowlane lub ich cz\u0119\u015bci oraz inne miejsca           przeznaczone do zbierania, magazynowania lub przetwarzania odpad\u00f3w. Poproszono Rzecznika o ustalenie terminu publikacji rozporz\u0105dzenia na dzie\u0144 5 marca 2020 r. W ramach rozm\u00f3w om\u00f3wiono obci\u0105\u017cenia dla przedsi\u0119biorc\u00f3w wynikaj\u0105ce z planowanego rozporz\u0105dzenia Ministra \u015arodowiska w sprawie szczeg\u00f3\u0142owych wymaga\u0144 dla magazynowania odpad\u00f3w. Podkre\u015blono, \u017ce obecne zmiany przepis\u00f3w ju\u017c nak\u0142adaj\u0105 na legalnie dzia\u0142aj\u0105ce podmioty zbyt du\u017ce wymogi, kt\u00f3re wi\u0105\u017c\u0105 si\u0119 z           niepotrzebnymi kosztami. <br \/>Zwr\u00f3cono r\u00f3wnie\u017c uwag\u0119 na problem zwi\u0105zany z zapisem art. 63 ustawy z dnia 14 grudnia 2012 r. o odpadach. Tre\u015b\u0107 artyku\u0142u zobowi\u0105zuje do umieszczania numeru rejestrowego BDO na dokumentach zwi\u0105zanych z prowadzon\u0105 dzia\u0142alno\u015bci\u0105. Brak jednoznacznego wskazania, na kt\u00f3rych dokumentach nale\u017cy umieszcza\u0107 numer rejestrowy uznane zosta\u0142o za do\u015b\u0107 istotn\u0105 uci\u0105\u017cliwo\u015b\u0107 w prowadzeniu dzia\u0142alno\u015bci gospodarczej. Szczeg\u00f3\u0142owe om\u00f3wienie  spraw zwi\u0105zanych z dzia\u0142aniem Bazy Danych Odpadowych (BDO) zaplanowano na dzie\u0144 28 pa\u017adziernika 2019 r. <br \/>         <\/p>\n\n\n\n<p>Ustalono r\u00f3wnie\u017c, \u017ce do 14 pa\u017adziernika br. organizacje z\u0142o\u017c\u0105 swoje uwagi do projektu rozporz\u0105dzenia Ministra \u015arodowiska w sprawie szczeg\u00f3\u0142owych wymaga\u0144 dla magazynowania odpad\u00f3w. <\/p>\n\n\n\n<p><br \/><strong>W zwi\u0105zku z tym prosimy naszych Cz\u0142onk\u00f3w o przekazanie swoich uwag do projektu do dnia 12 pa\u017adziernika 2019 r. <\/strong><\/p>\n","protected":false},"excerpt":{"rendered":"<p>W dniu 27 wrze\u015bnia 2019 r. odby\u0142o si\u0119 spotkanie Zespo\u0142u Roboczego ds. recyklingu i gospodarki odpadami Rady Przedsi\u0119biorc\u00f3w przy Biurze Rzecznika Ma\u0142ych i \u015arednich przedsi\u0119biorc\u00f3w. Bran\u017c\u0119 recyklingu pojazd\u00f3w wycofanych z eksploatacji reprezentowa\u0142o Stowarzyszenie Eko-Auto. W ramach pracy zespo\u0142u ds. recyklingu om\u00f3wiono tematy projekty rozporz\u0105dzenia Ministra\u00a0 Spraw Wewn\u0119trznych i Administracji w sprawie wymaga\u0144 w zakresie ochrony &#8230; <a title=\"Spotkanie Zespo\u0142u ds. Recyklingu w Biurze Rzecznika Ma\u0142ych i \u015arednich Przedsi\u0119biorc\u00f3w\" class=\"read-more\" href=\"http:\/\/ekoauto.org\/?p=3362\" aria-label=\"Read more about Spotkanie Zespo\u0142u ds. Recyklingu w Biurze Rzecznika Ma\u0142ych i \u015arednich Przedsi\u0119biorc\u00f3w\">Dowiedz si\u0119 wi\u0119cej<\/a><\/p>\n","protected":false},"author":2,"featured_media":0,"comment_status":"open","ping_status":"open","sticky":false,"template":"","format":"standard","meta":{"_monsterinsights_skip_tracking":false,"_monsterinsights_sitenote_active":false,"_monsterinsights_sitenote_note":"","_monsterinsights_sitenote_category":0,"footnotes":""},"categories":[1],"tags":[],"class_list":["post-3362","post","type-post","status-publish","format-standard","hentry","category-bez-kategorii"],"_links":{"self":[{"href":"http:\/\/ekoauto.org\/index.php?rest_route=\/wp\/v2\/posts\/3362","targetHints":{"allow":["GET"]}}],"collection":[{"href":"http:\/\/ekoauto.org\/index.php?rest_route=\/wp\/v2\/posts"}],"about":[{"href":"http:\/\/ekoauto.org\/index.php?rest_route=\/wp\/v2\/types\/post"}],"author":[{"embeddable":true,"href":"http:\/\/ekoauto.org\/index.php?rest_route=\/wp\/v2\/users\/2"}],"replies":[{"embeddable":true,"href":"http:\/\/ekoauto.org\/index.php?rest_route=%2Fwp%2Fv2%2Fcomments&post=3362"}],"version-history":[{"count":4,"href":"http:\/\/ekoauto.org\/index.php?rest_route=\/wp\/v2\/posts\/3362\/revisions"}],"predecessor-version":[{"id":3366,"href":"http:\/\/ekoauto.org\/index.php?rest_route=\/wp\/v2\/posts\/3362\/revisions\/3366"}],"wp:attachment":[{"href":"http:\/\/ekoauto.org\/index.php?rest_route=%2Fwp%2Fv2%2Fmedia&parent=3362"}],"wp:term":[{"taxonomy":"category","embeddable":true,"href":"http:\/\/ekoauto.org\/index.php?rest_route=%2Fwp%2Fv2%2Fcategories&post=3362"},{"taxonomy":"post_tag","embeddable":true,"href":"http:\/\/ekoauto.org\/index.php?rest_route=%2Fwp%2Fv2%2Ftags&post=3362"}],"curies":[{"name":"wp","href":"https:\/\/api.w.org\/{rel}","templated":true}]}}