{"id":3270,"date":"2019-07-22T13:18:55","date_gmt":"2019-07-22T11:18:55","guid":{"rendered":"http:\/\/ekoauto.org\/?p=3270"},"modified":"2019-07-22T13:18:55","modified_gmt":"2019-07-22T11:18:55","slug":"konferencja-uzgodnieniowa-dot-projektu-rozporzadzenia-w-sprawie-wymagan-ppoz-podsumowanie","status":"publish","type":"post","link":"http:\/\/ekoauto.org\/?p=3270","title":{"rendered":"Konferencja uzgodnieniowa dot. projektu Rozporz\u0105dzenia w sprawie wymaga\u0144 ppo\u017c &#8211; podsumowanie"},"content":{"rendered":"<p><img fetchpriority=\"high\" decoding=\"async\" class=\"size-medium wp-image-3271 alignleft\" src=\"http:\/\/ekoauto.org\/wp-content\/uploads\/2019\/07\/IMG_9920-300x225.jpg\" alt=\"\" width=\"300\" height=\"225\" srcset=\"http:\/\/ekoauto.org\/wp-content\/uploads\/2019\/07\/IMG_9920-300x225.jpg 300w, http:\/\/ekoauto.org\/wp-content\/uploads\/2019\/07\/IMG_9920-768x576.jpg 768w, http:\/\/ekoauto.org\/wp-content\/uploads\/2019\/07\/IMG_9920-1024x768.jpg 1024w\" sizes=\"(max-width: 300px) 100vw, 300px\" \/><\/p>\n<p>W dniu 18 lipca 2019 roku odbywa\u0142a si\u0119 Konferencja uzgodnieniowa dot. projektu Rozporz\u0105dzenia Ministra Spraw Wewn\u0119trznych i Administracji w sprawie wymaga\u0144 w zakresie ochrony przeciwpo\u017carowej, jakie maj\u0105 spe\u0142nia\u0107 obiekty budowlane lub ich cz\u0119\u015bci oraz inne miejsca przeznaczone do zbierania, magazynowania lub przetwarzania odpad\u00f3w.<\/p>\n<p>Dyskusja nad zagadnieniami prawnymi trwa\u0142a ponad pi\u0119\u0107 godzin. Z ramienia Stowarzyszenia EKO-AUTO bran\u017c\u0119 reprezentowali cz\u0142onek Stowarzyszenia, Marcin \u0141omzik oraz Prezes Stowarzyszenia, Jakub Smakulski.<\/p>\n<p>Konferencja mia\u0142a merytoryczny charakter, co da\u0142o si\u0119 obserwowa\u0107 po jako\u015bci wnoszonych uwag do projektu Rozporz\u0105dzenia. Stowarzyszenie EKO-AUTO okaza\u0142o si\u0119 najbardziej skuteczn\u0105 organizacj\u0105 w swojej bran\u017cy, poniewa\u017c uwzgl\u0119dniono w ca\u0142o\u015bci oraz cz\u0119\u015bciowo sze\u015b\u0107 z dziesi\u0119ciu z\u0142o\u017conych uwag. Inne organizacje bran\u017cowe mia\u0142u uwzgl\u0119dnione tylko dwie uwagi cz\u0119\u015bciowo i pozosta\u0142e odrzucone.<\/p>\n<p>Warto pokre\u015bli\u0107, \u017ce przedstawiciele Stowarzyszenia EKO-AUTO przedstawili najwi\u0119cej propozycji rozwi\u0105za\u0144 do projektowanego aktu prawa spo\u015br\u00f3d organizacji bran\u017cowych skupiaj\u0105cych podmioty zajmuj\u0105ce si\u0119 recyklingiem pojazd\u00f3w wycofanych z eksploatacji. Merytoryczna dyskusja nadal jest najwa\u017cniejszym elementem dzia\u0142alno\u015bci naszej organizacji.<br \/>\nW kilku paragrafach uda\u0142o si\u0119 umie\u015bci\u0107 stacje demonta\u017cu pojazd\u00f3w w ramach wy\u0142\u0105cze\u0144 od wybranych przepis\u00f3w zwi\u0105zanych z ochron\u0105 przeciwpo\u017carow\u0105. Kwestia klasyfikacji odpad\u00f3w w postaci pojazd\u00f3w jako odpad\u00f3w niepalnych zosta\u0142a zamkni\u0119ta jeszcze przed oficjaln\u0105 dyskusj\u0105. Prowadz\u0105cy jednoznacznie odni\u00f3s\u0142 si\u0119 do tego zagadnienia. Podkre\u015blenia wymaga r\u00f3wnie\u017c zaanga\u017cowanie p. \u0141omzika jako prowadz\u0105cego du\u017c\u0105 stacj\u0119 demonta\u017cu pojazd\u00f3w, kt\u00f3ry wspiera\u0142 w zagadnieniach praktycznych Prezesa Smakulskiego. Wskazywane rozwi\u0105zania dotyczy\u0142y zar\u00f3wno ma\u0142ych i \u015brednich przedsi\u0119biorc\u00f3w. Du\u017co energii po\u015bwi\u0119cono na przekonanie prowadz\u0105cych spotkanie, aby dokona\u0107 wyd\u0142u\u017cenia termin\u00f3w wej\u015bcia w \u017cycie postanowie\u0144 Rozporz\u0105dzenia. Przedstawiciele Ministerstwa Spraw Wewn\u0119trznych i Administracji obiecali pochyli\u0107 si\u0119 jeszcze raz nad przedstawionymi postulatami. Przedstawicielom Stowarzyszenia EKO-AUTO szczeg\u00f3lnie zale\u017ca\u0142o na unikni\u0119ciu sytuacji, \u017ce operaty przeciwpo\u017carowe b\u0119d\u0105 musia\u0142y by\u0107 ponownie\u00a0opracowywane. Planowany projekt zak\u0142ada ochron\u0119 interes\u00f3w podmiot\u00f3w, kt\u00f3re s\u0105 w trakcie uzgadniania warunk\u00f3w zawartych w operatach przeciwpo\u017carowych z komendantami Pa\u0144stwowej Stra\u017cy Po\u017carnej.<\/p>\n","protected":false},"excerpt":{"rendered":"<p>W dniu 18 lipca 2019 roku odbywa\u0142a si\u0119 Konferencja uzgodnieniowa dot. projektu Rozporz\u0105dzenia Ministra Spraw Wewn\u0119trznych i Administracji w sprawie wymaga\u0144 w zakresie ochrony przeciwpo\u017carowej, jakie maj\u0105 spe\u0142nia\u0107 obiekty budowlane lub ich cz\u0119\u015bci oraz inne miejsca przeznaczone do zbierania, magazynowania lub przetwarzania odpad\u00f3w. Dyskusja nad zagadnieniami prawnymi trwa\u0142a ponad pi\u0119\u0107 godzin. Z ramienia Stowarzyszenia EKO-AUTO &#8230; <a title=\"Konferencja uzgodnieniowa dot. projektu Rozporz\u0105dzenia w sprawie wymaga\u0144 ppo\u017c &#8211; podsumowanie\" class=\"read-more\" href=\"http:\/\/ekoauto.org\/?p=3270\" aria-label=\"Read more about Konferencja uzgodnieniowa dot. projektu Rozporz\u0105dzenia w sprawie wymaga\u0144 ppo\u017c &#8211; podsumowanie\">Dowiedz si\u0119 wi\u0119cej<\/a><\/p>\n","protected":false},"author":2,"featured_media":0,"comment_status":"open","ping_status":"open","sticky":false,"template":"","format":"standard","meta":{"_monsterinsights_skip_tracking":false,"_monsterinsights_sitenote_active":false,"_monsterinsights_sitenote_note":"","_monsterinsights_sitenote_category":0,"footnotes":""},"categories":[1],"tags":[],"class_list":["post-3270","post","type-post","status-publish","format-standard","hentry","category-bez-kategorii"],"_links":{"self":[{"href":"http:\/\/ekoauto.org\/index.php?rest_route=\/wp\/v2\/posts\/3270","targetHints":{"allow":["GET"]}}],"collection":[{"href":"http:\/\/ekoauto.org\/index.php?rest_route=\/wp\/v2\/posts"}],"about":[{"href":"http:\/\/ekoauto.org\/index.php?rest_route=\/wp\/v2\/types\/post"}],"author":[{"embeddable":true,"href":"http:\/\/ekoauto.org\/index.php?rest_route=\/wp\/v2\/users\/2"}],"replies":[{"embeddable":true,"href":"http:\/\/ekoauto.org\/index.php?rest_route=%2Fwp%2Fv2%2Fcomments&post=3270"}],"version-history":[{"count":1,"href":"http:\/\/ekoauto.org\/index.php?rest_route=\/wp\/v2\/posts\/3270\/revisions"}],"predecessor-version":[{"id":3272,"href":"http:\/\/ekoauto.org\/index.php?rest_route=\/wp\/v2\/posts\/3270\/revisions\/3272"}],"wp:attachment":[{"href":"http:\/\/ekoauto.org\/index.php?rest_route=%2Fwp%2Fv2%2Fmedia&parent=3270"}],"wp:term":[{"taxonomy":"category","embeddable":true,"href":"http:\/\/ekoauto.org\/index.php?rest_route=%2Fwp%2Fv2%2Fcategories&post=3270"},{"taxonomy":"post_tag","embeddable":true,"href":"http:\/\/ekoauto.org\/index.php?rest_route=%2Fwp%2Fv2%2Ftags&post=3270"}],"curies":[{"name":"wp","href":"https:\/\/api.w.org\/{rel}","templated":true}]}}