{"id":3230,"date":"2019-05-28T11:44:34","date_gmt":"2019-05-28T09:44:34","guid":{"rendered":"http:\/\/ekoauto.org\/?p=3230"},"modified":"2019-05-28T12:26:26","modified_gmt":"2019-05-28T10:26:26","slug":"nielegalny-transport-odpadow-w-szczecinskim-porcie-zatrzymany","status":"publish","type":"post","link":"http:\/\/ekoauto.org\/?p=3230","title":{"rendered":"Nielegalny transport odpad\u00f3w w szczeci\u0144skim porcie zatrzymany"},"content":{"rendered":"<p>W szczeci\u0144skim porcie funkcjonariusze Krajowej Administracji Skarbowej (KAS) zatrzymali ponad 17 ton odpad\u00f3w. Na odpady te sk\u0142ada\u0142y si\u0119 nieposegregowane elementy pochodz\u0105ce z demonta\u017cu u\u017cywanych samochod\u00f3w. W\u015br\u00f3d odpad\u00f3w by\u0142y opony, elementy tapicerki, zderzaki, fotele samochodowe, przewody elektryczne, tablice rozdzielcze i podzespo\u0142y elektroniczne.<\/p>\n<p>S\u0105 to odpady, kt\u00f3re obj\u0119te s\u0105 zakazem wywozu poza obszar Unii Europejskiej. Ostatecznie mia\u0142y dotrze\u0107 do Gruzji. Wed\u0142ug do\u0142\u0105czonych dokument\u00f3w krajem nadania by\u0142y Niemcy.<\/p>\n<p>Ze wzgl\u0119du na fakt, \u017ce dokumentacja towarzysz\u0105ca przesy\u0142ce nie zawiera\u0142a dokument\u00f3w wymaganych przy transporcie odpad\u00f3w do Wojew\u00f3dzkiego Inspektoratu Ochrony \u015arodowiska w Szczecinie skierowany zosta\u0142 wniosek o ocen\u0119 przywo\u017conego towaru pod k\u0105tem spe\u0142nienia definicji odpadu.<\/p>\n<p>W ocenie szczeci\u0144skiego WIO\u015a-u przewo\u017cony \u0142adunek, nale\u017cy zakwalifikowa\u0107 do odpad\u00f3w. Inspekcja ocenia\u0142a tak\u017ce, \u017ce przew\u00f3z odpad\u00f3w z gumy i siedze\u0144 samochodowych wype\u0142nia definicj\u0119 nielegalnego transgranicznego przemieszczania odpad\u00f3w, okre\u015blon\u0105 w rozporz\u0105dzeniu Parlamentu Europejskiego i Rady w sprawie kontroli transgranicznego przemieszczania odpad\u00f3w. Informacja o sprawie zosta\u0142a r\u00f3wnie\u017c przekazana G\u0142\u00f3wnemu Inspektorowi Ochrony \u015arodowiska.<\/p>\n<p>\u0179r\u00f3d\u0142o: <a href=\"https:\/\/sozosfera.pl\/odpady\/nielegalny-transport-odpadow-zatrzymany\/\">https:\/\/sozosfera.pl\/odpady\/nielegalny-transport-odpadow-zatrzymany\/<\/a><\/p>\n","protected":false},"excerpt":{"rendered":"<p>W szczeci\u0144skim porcie funkcjonariusze Krajowej Administracji Skarbowej (KAS) zatrzymali ponad 17 ton odpad\u00f3w. Na odpady te sk\u0142ada\u0142y si\u0119 nieposegregowane elementy pochodz\u0105ce z demonta\u017cu u\u017cywanych samochod\u00f3w. W\u015br\u00f3d odpad\u00f3w by\u0142y opony, elementy tapicerki, zderzaki, fotele samochodowe, przewody elektryczne, tablice rozdzielcze i podzespo\u0142y elektroniczne. S\u0105 to odpady, kt\u00f3re obj\u0119te s\u0105 zakazem wywozu poza obszar Unii Europejskiej. Ostatecznie mia\u0142y &#8230; <a title=\"Nielegalny transport odpad\u00f3w w szczeci\u0144skim porcie zatrzymany\" class=\"read-more\" href=\"http:\/\/ekoauto.org\/?p=3230\" aria-label=\"Read more about Nielegalny transport odpad\u00f3w w szczeci\u0144skim porcie zatrzymany\">Dowiedz si\u0119 wi\u0119cej<\/a><\/p>\n","protected":false},"author":2,"featured_media":0,"comment_status":"open","ping_status":"open","sticky":false,"template":"","format":"standard","meta":{"_monsterinsights_skip_tracking":false,"_monsterinsights_sitenote_active":false,"_monsterinsights_sitenote_note":"","_monsterinsights_sitenote_category":0,"footnotes":""},"categories":[1],"tags":[],"class_list":["post-3230","post","type-post","status-publish","format-standard","hentry","category-bez-kategorii"],"_links":{"self":[{"href":"http:\/\/ekoauto.org\/index.php?rest_route=\/wp\/v2\/posts\/3230","targetHints":{"allow":["GET"]}}],"collection":[{"href":"http:\/\/ekoauto.org\/index.php?rest_route=\/wp\/v2\/posts"}],"about":[{"href":"http:\/\/ekoauto.org\/index.php?rest_route=\/wp\/v2\/types\/post"}],"author":[{"embeddable":true,"href":"http:\/\/ekoauto.org\/index.php?rest_route=\/wp\/v2\/users\/2"}],"replies":[{"embeddable":true,"href":"http:\/\/ekoauto.org\/index.php?rest_route=%2Fwp%2Fv2%2Fcomments&post=3230"}],"version-history":[{"count":3,"href":"http:\/\/ekoauto.org\/index.php?rest_route=\/wp\/v2\/posts\/3230\/revisions"}],"predecessor-version":[{"id":3233,"href":"http:\/\/ekoauto.org\/index.php?rest_route=\/wp\/v2\/posts\/3230\/revisions\/3233"}],"wp:attachment":[{"href":"http:\/\/ekoauto.org\/index.php?rest_route=%2Fwp%2Fv2%2Fmedia&parent=3230"}],"wp:term":[{"taxonomy":"category","embeddable":true,"href":"http:\/\/ekoauto.org\/index.php?rest_route=%2Fwp%2Fv2%2Fcategories&post=3230"},{"taxonomy":"post_tag","embeddable":true,"href":"http:\/\/ekoauto.org\/index.php?rest_route=%2Fwp%2Fv2%2Ftags&post=3230"}],"curies":[{"name":"wp","href":"https:\/\/api.w.org\/{rel}","templated":true}]}}