{"id":3122,"date":"2018-10-18T17:29:21","date_gmt":"2018-10-18T15:29:21","guid":{"rendered":"http:\/\/ekoauto.org\/?p=3122"},"modified":"2018-10-22T10:13:59","modified_gmt":"2018-10-22T08:13:59","slug":"spotkanie-w-ministerstwie-srodowiska-w-zwiazku-ze-zmianami-w-ustawie-o-odpadach","status":"publish","type":"post","link":"http:\/\/ekoauto.org\/?p=3122","title":{"rendered":"Spotkanie w Ministerstwie \u015arodowiska w zwi\u0105zku ze zmianami w Ustawie o odpadach"},"content":{"rendered":"<p><img decoding=\"async\" class=\"size-full wp-image-1691 alignleft\" src=\"http:\/\/ekoauto.org\/wp-content\/uploads\/2016\/04\/12919721_10153746899822732_516883704902567689_n.png\" alt=\"\" width=\"160\" height=\"160\" srcset=\"http:\/\/ekoauto.org\/wp-content\/uploads\/2016\/04\/12919721_10153746899822732_516883704902567689_n.png 160w, http:\/\/ekoauto.org\/wp-content\/uploads\/2016\/04\/12919721_10153746899822732_516883704902567689_n-100x100.png 100w\" sizes=\"(max-width: 160px) 100vw, 160px\" \/><\/p>\n<p>W dniu 16 pa\u017adziernika 2018 roku odby\u0142o si\u0119 w Ministerstwie \u015arodowiska spotkanie, w kt\u00f3rym z ramienia Ministerstwa bra\u0142 udzia\u0142 zesp\u00f3\u0142 Departamentu Gospodarki Odpadami pod kierunkiem dyrektor Bogus\u0142awy Brzd\u0105kiewicz, a ze strony Stowarzyszenia EKO-AUTO Prezes, Jakub Smakulski.<\/p>\n<p>Podczas spotkania poruszono wa\u017cne dla stacji demonta\u017cu pojazd\u00f3w zagadnienia dotycz\u0105ce m. in. warunk\u00f3w magazynowania odpad\u00f3w, zmian decyzji dla stacji demonta\u017cu pojazd\u00f3w oraz systemu wizyjnego miejsc magazynowania odpad\u00f3w. Prezes Smakulski przedstawi\u0142 realne problemy przedsi\u0119biorc\u00f3w prowadz\u0105cych stacje demonta\u017cu zwi\u0105zane z wdra\u017caniem przepis\u00f3w ustawy z dnia 20 lipca 2018 o zmianie ustawy o odpadach oraz niekt\u00f3rych innych ustaw.<\/p>\n<p>Spotkanie przebiega\u0142o w atmosferze wzajemnego zrozumienia powsta\u0142ych problem\u00f3w oraz z ch\u0119ci\u0105 wdra\u017cania zmian w przepisach z uwzgl\u0119dnieniem g\u0142osu bran\u017cy recyklingu pojazd\u00f3w wycofanych z eksploatacji.<\/p>\n<p>Poruszono r\u00f3wnie\u017c zagadnienia niezwi\u0105zane z ostatnimi zmianami przepis\u00f3w, a utrudniaj\u0105ce dzia\u0142alno\u015b\u0107 stacji demonta\u017cu pojazd\u00f3w. Zwr\u00f3cono uwag\u0119 na kwestie skali i sposob\u00f3w dzia\u0142ania szarej strefy w bran\u017cy.<\/p>\n<p>***<\/p>\n<p>W minionych dniach odby\u0142o si\u0119 spotkanie Prezesa Polskiego Stowarzyszenia Stacji Demonta\u017cu Pojazd\u00f3w EKO-AUTO z przedstawicielami Ministerstwa \u015arodowiska.<\/p>\n<p>G\u0142\u00f3wnym powodem spotkania by\u0142y bran\u017cowe niepokoje zwi\u0105zane ze zmianami, kt\u00f3re wprowadza nowelizacja Ustawy o odpadach oraz projekty rozporz\u0105dze\u0144, bezpo\u015brednio z niej wynikaj\u0105ce.<\/p>\n<p>O szczeg\u00f3\u0142ach poinformujemy wkr\u00f3tce.<\/p>\n","protected":false},"excerpt":{"rendered":"<p>W dniu 16 pa\u017adziernika 2018 roku odby\u0142o si\u0119 w Ministerstwie \u015arodowiska spotkanie, w kt\u00f3rym z ramienia Ministerstwa bra\u0142 udzia\u0142 zesp\u00f3\u0142 Departamentu Gospodarki Odpadami pod kierunkiem dyrektor Bogus\u0142awy Brzd\u0105kiewicz, a ze strony Stowarzyszenia EKO-AUTO Prezes, Jakub Smakulski. Podczas spotkania poruszono wa\u017cne dla stacji demonta\u017cu pojazd\u00f3w zagadnienia dotycz\u0105ce m. in. warunk\u00f3w magazynowania odpad\u00f3w, zmian decyzji dla stacji &#8230; <a title=\"Spotkanie w Ministerstwie \u015arodowiska w zwi\u0105zku ze zmianami w Ustawie o odpadach\" class=\"read-more\" href=\"http:\/\/ekoauto.org\/?p=3122\" aria-label=\"Read more about Spotkanie w Ministerstwie \u015arodowiska w zwi\u0105zku ze zmianami w Ustawie o odpadach\">Dowiedz si\u0119 wi\u0119cej<\/a><\/p>\n","protected":false},"author":2,"featured_media":0,"comment_status":"open","ping_status":"open","sticky":false,"template":"","format":"standard","meta":{"_monsterinsights_skip_tracking":false,"_monsterinsights_sitenote_active":false,"_monsterinsights_sitenote_note":"","_monsterinsights_sitenote_category":0,"footnotes":""},"categories":[1],"tags":[],"class_list":["post-3122","post","type-post","status-publish","format-standard","hentry","category-bez-kategorii"],"_links":{"self":[{"href":"http:\/\/ekoauto.org\/index.php?rest_route=\/wp\/v2\/posts\/3122","targetHints":{"allow":["GET"]}}],"collection":[{"href":"http:\/\/ekoauto.org\/index.php?rest_route=\/wp\/v2\/posts"}],"about":[{"href":"http:\/\/ekoauto.org\/index.php?rest_route=\/wp\/v2\/types\/post"}],"author":[{"embeddable":true,"href":"http:\/\/ekoauto.org\/index.php?rest_route=\/wp\/v2\/users\/2"}],"replies":[{"embeddable":true,"href":"http:\/\/ekoauto.org\/index.php?rest_route=%2Fwp%2Fv2%2Fcomments&post=3122"}],"version-history":[{"count":3,"href":"http:\/\/ekoauto.org\/index.php?rest_route=\/wp\/v2\/posts\/3122\/revisions"}],"predecessor-version":[{"id":3125,"href":"http:\/\/ekoauto.org\/index.php?rest_route=\/wp\/v2\/posts\/3122\/revisions\/3125"}],"wp:attachment":[{"href":"http:\/\/ekoauto.org\/index.php?rest_route=%2Fwp%2Fv2%2Fmedia&parent=3122"}],"wp:term":[{"taxonomy":"category","embeddable":true,"href":"http:\/\/ekoauto.org\/index.php?rest_route=%2Fwp%2Fv2%2Fcategories&post=3122"},{"taxonomy":"post_tag","embeddable":true,"href":"http:\/\/ekoauto.org\/index.php?rest_route=%2Fwp%2Fv2%2Ftags&post=3122"}],"curies":[{"name":"wp","href":"https:\/\/api.w.org\/{rel}","templated":true}]}}