{"id":3066,"date":"2018-07-19T12:21:31","date_gmt":"2018-07-19T10:21:31","guid":{"rendered":"http:\/\/ekoauto.org\/?p=3066"},"modified":"2018-08-06T12:24:07","modified_gmt":"2018-08-06T10:24:07","slug":"ke-uruchamia-wobec-polski-procedure-ws-sprowadzanych-pojazdow","status":"publish","type":"post","link":"http:\/\/ekoauto.org\/?p=3066","title":{"rendered":"KE uruchamia wobec Polski procedur\u0119 ws. sprowadzanych pojazd\u00f3w"},"content":{"rendered":"<p><strong>Komisja Europejska wszcz\u0119\u0142a w czwartek procedur\u0119 o naruszenie prawa UE wobec Polski w zwi\u0105zku z brakiem przepis\u00f3w przewiduj\u0105cych sankcje za niezarejestrowanie importowanego pojazdu czy niepoinformowanie o jego sprzeda\u017cy lub kupnie.<\/strong><\/p>\n<p>Komisja powo\u0142a\u0142a si\u0119 przy tym na dyrektyw\u0119 w sprawie pojazd\u00f3w wycofanych z eksploatacji, kt\u00f3ra ma zagwarantowa\u0107, \u017ce systematycznie odzyskuje si\u0119 odpady i ponownie je wykorzystuje lub poddaje recyklingowi.<\/p>\n<p>Skierowane do w\u0142adz w Warszawie wezwanie do usuni\u0119cia uchybienia, czyli pierwszy etap procedury o naruszenie prawa UE, nast\u0105pi\u0142o &#8222;w zwi\u0105zku z brakiem zapewnienia przyjaznego dla \u015brodowiska demonta\u017cu i recyklingu pojazd\u00f3w po zako\u0144czeniu ich okresu u\u017cytkowania&#8221;.<\/p>\n<p>Komisja wskaza\u0142a, \u017ce przepisy prawa polskiego nie przewiduj\u0105 obecnie sankcji za niezarejestrowanie importowanych pojazd\u00f3w ani za brak informowania w\u0142a\u015bciwych organ\u00f3w o nabyciu lub zbyciu takich pojazd\u00f3w.<br \/>\n&#8222;Wynikaj\u0105cy st\u0105d brak dok\u0142adnych informacji utrudnia dzia\u0142ania zmierzaj\u0105ce do zapewnienia traktowania pojazd\u00f3w zgodnie z dyrektyw\u0105. Nieodpowiednie traktowanie pojazd\u00f3w wycofanych z eksploatacji mo\u017ce powodowa\u0107 powa\u017cne zagro\u017cenia dla \u015brodowiska, gdy\u017c nieostro\u017cne obchodzenie si\u0119 z p\u0142ynem klimatyzacyjnym, kwasem akumulatorowym, cz\u0119\u015bciami z tworzyw sztucznych i oponami mo\u017ce powodowa\u0107 powa\u017cne zagro\u017cenia dla zdrowia ludzi i \u015brodowiska&#8221; &#8211; podkre\u015blono w komunikacie KE.<\/p>\n<p>Polska dosta\u0142a dwa miesi\u0105ce na udzielenie odpowiedzi. Je\u015bli po tym czasie Komisja stwierdzi, \u017ce Warszawa dalej nie wype\u0142nia zobowi\u0105za\u0144 wynikaj\u0105cych z prawa UE przejdzie do drugiego etapu. Na ko\u0144cu procedury Komisja mo\u017ce podj\u0105\u0107 decyzj\u0119 o skierowaniu sprawy do Trybuna\u0142u Sprawiedliwo\u015bci.<\/p>\n<p>\u0179r\u00f3d\u0142o: <a href=\"https:\/\/motoryzacja.wnp.pl\/ke-uruchamia-wobec-polski-procedure-ws-sprowadzanych-pojazdow,327303_1_0_0.html\">https:\/\/motoryzacja.wnp.pl<\/a> [dost\u0119p 19 lipca 2018r.]<\/p>\n","protected":false},"excerpt":{"rendered":"<p>Komisja Europejska wszcz\u0119\u0142a w czwartek procedur\u0119 o naruszenie prawa UE wobec Polski w zwi\u0105zku z brakiem przepis\u00f3w przewiduj\u0105cych sankcje za niezarejestrowanie importowanego pojazdu czy niepoinformowanie o jego sprzeda\u017cy lub kupnie. Komisja powo\u0142a\u0142a si\u0119 przy tym na dyrektyw\u0119 w sprawie pojazd\u00f3w wycofanych z eksploatacji, kt\u00f3ra ma zagwarantowa\u0107, \u017ce systematycznie odzyskuje si\u0119 odpady i ponownie je wykorzystuje &#8230; <a title=\"KE uruchamia wobec Polski procedur\u0119 ws. sprowadzanych pojazd\u00f3w\" class=\"read-more\" href=\"http:\/\/ekoauto.org\/?p=3066\" aria-label=\"Read more about KE uruchamia wobec Polski procedur\u0119 ws. sprowadzanych pojazd\u00f3w\">Dowiedz si\u0119 wi\u0119cej<\/a><\/p>\n","protected":false},"author":2,"featured_media":0,"comment_status":"open","ping_status":"open","sticky":false,"template":"","format":"standard","meta":{"_monsterinsights_skip_tracking":false,"_monsterinsights_sitenote_active":false,"_monsterinsights_sitenote_note":"","_monsterinsights_sitenote_category":0,"footnotes":""},"categories":[1],"tags":[],"class_list":["post-3066","post","type-post","status-publish","format-standard","hentry","category-bez-kategorii"],"_links":{"self":[{"href":"http:\/\/ekoauto.org\/index.php?rest_route=\/wp\/v2\/posts\/3066","targetHints":{"allow":["GET"]}}],"collection":[{"href":"http:\/\/ekoauto.org\/index.php?rest_route=\/wp\/v2\/posts"}],"about":[{"href":"http:\/\/ekoauto.org\/index.php?rest_route=\/wp\/v2\/types\/post"}],"author":[{"embeddable":true,"href":"http:\/\/ekoauto.org\/index.php?rest_route=\/wp\/v2\/users\/2"}],"replies":[{"embeddable":true,"href":"http:\/\/ekoauto.org\/index.php?rest_route=%2Fwp%2Fv2%2Fcomments&post=3066"}],"version-history":[{"count":2,"href":"http:\/\/ekoauto.org\/index.php?rest_route=\/wp\/v2\/posts\/3066\/revisions"}],"predecessor-version":[{"id":3068,"href":"http:\/\/ekoauto.org\/index.php?rest_route=\/wp\/v2\/posts\/3066\/revisions\/3068"}],"wp:attachment":[{"href":"http:\/\/ekoauto.org\/index.php?rest_route=%2Fwp%2Fv2%2Fmedia&parent=3066"}],"wp:term":[{"taxonomy":"category","embeddable":true,"href":"http:\/\/ekoauto.org\/index.php?rest_route=%2Fwp%2Fv2%2Fcategories&post=3066"},{"taxonomy":"post_tag","embeddable":true,"href":"http:\/\/ekoauto.org\/index.php?rest_route=%2Fwp%2Fv2%2Ftags&post=3066"}],"curies":[{"name":"wp","href":"https:\/\/api.w.org\/{rel}","templated":true}]}}