{"id":2805,"date":"2018-01-03T13:47:05","date_gmt":"2018-01-03T12:47:05","guid":{"rendered":"http:\/\/ekoauto.org\/?p=2805"},"modified":"2018-06-13T15:10:36","modified_gmt":"2018-06-13T13:10:36","slug":"patronat-medialny-abrys-energia-i-recykling-nad-konferencja-fachowcy-fachowcom","status":"publish","type":"post","link":"http:\/\/ekoauto.org\/?p=2805","title":{"rendered":"Patronat medialny Abrys &#8211; Energia i Recykling nad Konferencj\u0105 &#8222;FACHOWCY-FACHOWCOM&#8221;"},"content":{"rendered":"<p>Z rado\u015bci\u0105 przyj\u0119li\u015bmy wiadomo\u015b\u0107, i\u017c Patronat Medialny nad Og\u00f3lnopolsk\u0105 Konferencj\u0105 \u201eFachowcy-Fachowcom&#8221;, organizowan\u0105 przez Stowarzyszenie EKO-AUTO obj\u0119\u0142o Wydawnictwo Abrys, wydawca pionierskiego miesi\u0119cznika na temat GOZ.<br \/>\n<strong>\u201eEnergia i Recykling\u201d<\/strong> to pierwsze w Polsce czasopismo, kt\u00f3re w ca\u0142o\u015bci jest po\u015bwi\u0119cone tematowi circular economy, zagadnienia obejmuj\u0105cego niemal wszystkie bran\u017ce, na czasie i z przysz\u0142o\u015bci\u0105.<\/p>\n<p>Premiera sygnalnego tytu\u0142u odby\u0142a si\u0119 podczas Mi\u0119dzynarodowego Kongresu Ochrony \u015arodowiska ENVICON Environment w dniach 16-17 pa\u017adziernika 2017r. w Poznaniu. Ambicj\u0105 redakcji jest informowanie o nowych trendach, technologiach w bran\u017cach zwi\u0105zanych z GOZ, poszerzanie wiedzy merytorycznej, prezentowanie do\u015bwiadcze\u0144 i oferty rynkowej.<br \/>\nW czasopi\u015bmie znajd\u0105 si\u0119 nast\u0119puj\u0105ce sekcje tematyczne: energia, energia cieplna, surowce i recykling, logistyka, ekoprzemys\u0142, zr\u00f3wnowa\u017cony rozw\u00f3j, dobre wzorce w tym CSR.<\/p>\n<p><img fetchpriority=\"high\" decoding=\"async\" class=\"alignleft wp-image-2806\" src=\"http:\/\/ekoauto.org\/wp-content\/uploads\/2018\/01\/new-piktochart-_27121311.png.jpg\" alt=\"\" width=\"639\" height=\"268\" srcset=\"http:\/\/ekoauto.org\/wp-content\/uploads\/2018\/01\/new-piktochart-_27121311.png.jpg 1284w, http:\/\/ekoauto.org\/wp-content\/uploads\/2018\/01\/new-piktochart-_27121311.png-300x126.jpg 300w, http:\/\/ekoauto.org\/wp-content\/uploads\/2018\/01\/new-piktochart-_27121311.png-768x322.jpg 768w, http:\/\/ekoauto.org\/wp-content\/uploads\/2018\/01\/new-piktochart-_27121311.png-1024x430.jpg 1024w, http:\/\/ekoauto.org\/wp-content\/uploads\/2018\/01\/new-piktochart-_27121311.png-200x84.jpg 200w\" sizes=\"(max-width: 639px) 100vw, 639px\" \/><\/p>\n<p>&nbsp;<\/p>\n<p>&nbsp;<\/p>\n<p>&nbsp;<\/p>\n<p>&nbsp;<\/p>\n<p>&nbsp;<\/p>\n<p>&nbsp;<\/p>\n<p>&nbsp;<\/p>\n<p>&nbsp;<\/p>\n<p>&nbsp;<\/p>\n","protected":false},"excerpt":{"rendered":"<p>Z rado\u015bci\u0105 przyj\u0119li\u015bmy wiadomo\u015b\u0107, i\u017c Patronat Medialny nad Og\u00f3lnopolsk\u0105 Konferencj\u0105 \u201eFachowcy-Fachowcom&#8221;, organizowan\u0105 przez Stowarzyszenie EKO-AUTO obj\u0119\u0142o Wydawnictwo Abrys, wydawca pionierskiego miesi\u0119cznika na temat GOZ. \u201eEnergia i Recykling\u201d to pierwsze w Polsce czasopismo, kt\u00f3re w ca\u0142o\u015bci jest po\u015bwi\u0119cone tematowi circular economy, zagadnienia obejmuj\u0105cego niemal wszystkie bran\u017ce, na czasie i z przysz\u0142o\u015bci\u0105. Premiera sygnalnego tytu\u0142u odby\u0142a si\u0119 &#8230; <a title=\"Patronat medialny Abrys &#8211; Energia i Recykling nad Konferencj\u0105 &#8222;FACHOWCY-FACHOWCOM&#8221;\" class=\"read-more\" href=\"http:\/\/ekoauto.org\/?p=2805\" aria-label=\"Read more about Patronat medialny Abrys &#8211; Energia i Recykling nad Konferencj\u0105 &#8222;FACHOWCY-FACHOWCOM&#8221;\">Dowiedz si\u0119 wi\u0119cej<\/a><\/p>\n","protected":false},"author":2,"featured_media":0,"comment_status":"closed","ping_status":"open","sticky":false,"template":"","format":"standard","meta":{"_monsterinsights_skip_tracking":false,"_monsterinsights_sitenote_active":false,"_monsterinsights_sitenote_note":"","_monsterinsights_sitenote_category":0,"footnotes":""},"categories":[1],"tags":[],"class_list":["post-2805","post","type-post","status-publish","format-standard","hentry","category-bez-kategorii"],"_links":{"self":[{"href":"http:\/\/ekoauto.org\/index.php?rest_route=\/wp\/v2\/posts\/2805","targetHints":{"allow":["GET"]}}],"collection":[{"href":"http:\/\/ekoauto.org\/index.php?rest_route=\/wp\/v2\/posts"}],"about":[{"href":"http:\/\/ekoauto.org\/index.php?rest_route=\/wp\/v2\/types\/post"}],"author":[{"embeddable":true,"href":"http:\/\/ekoauto.org\/index.php?rest_route=\/wp\/v2\/users\/2"}],"replies":[{"embeddable":true,"href":"http:\/\/ekoauto.org\/index.php?rest_route=%2Fwp%2Fv2%2Fcomments&post=2805"}],"version-history":[{"count":9,"href":"http:\/\/ekoauto.org\/index.php?rest_route=\/wp\/v2\/posts\/2805\/revisions"}],"predecessor-version":[{"id":2828,"href":"http:\/\/ekoauto.org\/index.php?rest_route=\/wp\/v2\/posts\/2805\/revisions\/2828"}],"wp:attachment":[{"href":"http:\/\/ekoauto.org\/index.php?rest_route=%2Fwp%2Fv2%2Fmedia&parent=2805"}],"wp:term":[{"taxonomy":"category","embeddable":true,"href":"http:\/\/ekoauto.org\/index.php?rest_route=%2Fwp%2Fv2%2Fcategories&post=2805"},{"taxonomy":"post_tag","embeddable":true,"href":"http:\/\/ekoauto.org\/index.php?rest_route=%2Fwp%2Fv2%2Ftags&post=2805"}],"curies":[{"name":"wp","href":"https:\/\/api.w.org\/{rel}","templated":true}]}}