{"id":2781,"date":"2017-12-01T14:58:09","date_gmt":"2017-12-01T13:58:09","guid":{"rendered":"http:\/\/ekoauto.org\/?p=2781"},"modified":"2018-06-13T15:10:36","modified_gmt":"2018-06-13T13:10:36","slug":"iv-posiedzenie-zespolu-ds-rozwoju-przemyslu-i-rynku-motoryzacyjnego","status":"publish","type":"post","link":"http:\/\/ekoauto.org\/?p=2781","title":{"rendered":"IV posiedzenie Zespo\u0142u ds. Rozwoju Przemys\u0142u i Rynku Motoryzacyjnego"},"content":{"rendered":"<p>&nbsp;<\/p>\n<p>30 listopada br. w Ministerstwie Rozwoju odby\u0142o si\u0119 IV posiedzenie Zespo\u0142u ds. Rozwoju Przemys\u0142u i Rynku Motoryzacyjnego. Podczas posiedzenia zaprezentowano projekt &#8222;Polska Strefa Inwestycji&#8221;, omawiano zagadnienie bezpiecze\u0144stwa elektrycznego zwi\u0105zanego z samochodami elektrycznymi i hybrydowymi.<\/p>\n<p>Du\u017c\u0105 uwag\u0119 po\u015bwi\u0119cono tematyce emisji CO2 dla samochod\u00f3w osobowych i lekkich dostawczych.<\/p>\n<p>Przedstawiono tak\u017ce zarys zbli\u017caj\u0105cej si\u0119 IV Konferencji Motoryzacja Przemys\u0142 Nauka, kt\u00f3ra odb\u0119dzie si\u0119 7 grudnia w Warszawie.<\/p>\n<p>Podsumowano dotychczasowy stan prac nad certyfikacj\u0105 cz\u0119\u015bci motoryzacyjnych.<\/p>\n","protected":false},"excerpt":{"rendered":"<p>&nbsp; 30 listopada br. w Ministerstwie Rozwoju odby\u0142o si\u0119 IV posiedzenie Zespo\u0142u ds. Rozwoju Przemys\u0142u i Rynku Motoryzacyjnego. Podczas posiedzenia zaprezentowano projekt &#8222;Polska Strefa Inwestycji&#8221;, omawiano zagadnienie bezpiecze\u0144stwa elektrycznego zwi\u0105zanego z samochodami elektrycznymi i hybrydowymi. Du\u017c\u0105 uwag\u0119 po\u015bwi\u0119cono tematyce emisji CO2 dla samochod\u00f3w osobowych i lekkich dostawczych. Przedstawiono tak\u017ce zarys zbli\u017caj\u0105cej si\u0119 IV Konferencji Motoryzacja &#8230; <a title=\"IV posiedzenie Zespo\u0142u ds. Rozwoju Przemys\u0142u i Rynku Motoryzacyjnego\" class=\"read-more\" href=\"http:\/\/ekoauto.org\/?p=2781\" aria-label=\"Read more about IV posiedzenie Zespo\u0142u ds. Rozwoju Przemys\u0142u i Rynku Motoryzacyjnego\">Dowiedz si\u0119 wi\u0119cej<\/a><\/p>\n","protected":false},"author":2,"featured_media":0,"comment_status":"closed","ping_status":"open","sticky":false,"template":"","format":"standard","meta":{"_monsterinsights_skip_tracking":false,"_monsterinsights_sitenote_active":false,"_monsterinsights_sitenote_note":"","_monsterinsights_sitenote_category":0,"footnotes":""},"categories":[1],"tags":[],"class_list":["post-2781","post","type-post","status-publish","format-standard","hentry","category-bez-kategorii"],"_links":{"self":[{"href":"http:\/\/ekoauto.org\/index.php?rest_route=\/wp\/v2\/posts\/2781","targetHints":{"allow":["GET"]}}],"collection":[{"href":"http:\/\/ekoauto.org\/index.php?rest_route=\/wp\/v2\/posts"}],"about":[{"href":"http:\/\/ekoauto.org\/index.php?rest_route=\/wp\/v2\/types\/post"}],"author":[{"embeddable":true,"href":"http:\/\/ekoauto.org\/index.php?rest_route=\/wp\/v2\/users\/2"}],"replies":[{"embeddable":true,"href":"http:\/\/ekoauto.org\/index.php?rest_route=%2Fwp%2Fv2%2Fcomments&post=2781"}],"version-history":[{"count":3,"href":"http:\/\/ekoauto.org\/index.php?rest_route=\/wp\/v2\/posts\/2781\/revisions"}],"predecessor-version":[{"id":2787,"href":"http:\/\/ekoauto.org\/index.php?rest_route=\/wp\/v2\/posts\/2781\/revisions\/2787"}],"wp:attachment":[{"href":"http:\/\/ekoauto.org\/index.php?rest_route=%2Fwp%2Fv2%2Fmedia&parent=2781"}],"wp:term":[{"taxonomy":"category","embeddable":true,"href":"http:\/\/ekoauto.org\/index.php?rest_route=%2Fwp%2Fv2%2Fcategories&post=2781"},{"taxonomy":"post_tag","embeddable":true,"href":"http:\/\/ekoauto.org\/index.php?rest_route=%2Fwp%2Fv2%2Ftags&post=2781"}],"curies":[{"name":"wp","href":"https:\/\/api.w.org\/{rel}","templated":true}]}}