{"id":2737,"date":"2017-11-02T09:19:09","date_gmt":"2017-11-02T08:19:09","guid":{"rendered":"http:\/\/ekoauto.org\/?p=2737"},"modified":"2017-11-07T09:33:02","modified_gmt":"2017-11-07T08:33:02","slug":"nowelizacja-ustawy-prawo-o-ruchu-drogowym-wprowadzajaca-tzw-profesjonalna-rejestracje-pojazdow","status":"publish","type":"post","link":"http:\/\/ekoauto.org\/?p=2737","title":{"rendered":"Nowelizacja ustawy Prawo o ruchu drogowym wprowadzaj\u0105ca tzw. profesjonaln\u0105 rejestracj\u0119 pojazd\u00f3w"},"content":{"rendered":"<p>&nbsp;<\/p>\n<p>Sejm przyj\u0105\u0142 w pi\u0105tek 27 pa\u017adziernika nowelizacj\u0119 ustawy Prawo o ruchu drogowym wprowadzaj\u0105c\u0105 <strong>tzw. profesjonaln\u0105 rejestracj\u0119 pojazd\u00f3w<\/strong>. Zmiany maj\u0105 umo\u017cliwi\u0107 firmom czasowe u\u017cytkowanie aut na drogach z wykorzystaniem profesjonalnego numeru rejestracyjnego dla wielu pojazd\u00f3w.<\/p>\n<p>Nie b\u0119dzie to od nich wymaga\u0142o ka\u017cdorazowej czasowej rejestracji pojazdu i wizyty w organie rejestruj\u0105cym.<\/p>\n<p>Znowelizowana ustawa pozwoli <strong>skutecznie zmniejszy\u0107 obci\u0105\u017cenia administracyjne<\/strong>, a jednocze\u015bnie b\u0119dzie s\u0142u\u017cy\u0107 <strong>legalnemu i bezpiecznemu u\u017cytkowaniu pojazd\u00f3w<\/strong>. Projektowana ustawa pozwoli na wykonywanie jazd testowych pojazdami w ramach prowadzonej dzia\u0142alno\u015bci przez podmioty zajmuj\u0105ce si\u0119 dystrybucj\u0105, produkcj\u0105 oraz badaniami pojazd\u00f3w.<\/p>\n<p><strong>Profesjonalna rejestracja pojazd\u00f3w dotyczy nie tylko nowych, ale tak\u017ce u\u017cywanych pojazd\u00f3w, w tym wcze\u015bniej zarejestrowanych lub sprowadzonych z zagranicy.<\/strong><\/p>\n<p>Polskie Stowarzyszenie Stacji Demonta\u017cu Pojazd\u00f3w EKO-AUTO \u00a0wspiera\u0142o dzia\u0142ania w tym zakresie, a jako organizacja proinnowacyjna, sprzyja nowym przepisom, kt\u00f3re profesjonalizuj\u0105 rynek.<\/p>\n<p>\u0179r\u00f3d\u0142o: <a href=\"https:\/\/www.samar.pl\/__\/3\/3.a\/95941\/3.sc\/11\/Pos%C5%82owie-za-profesjonaln%C4%85-rejestracj%C4%85.html?locale=pl_PL\" target=\"_blank\" rel=\"noopener\">www.samar.pl<\/a><\/p>\n","protected":false},"excerpt":{"rendered":"<p>&nbsp; Sejm przyj\u0105\u0142 w pi\u0105tek 27 pa\u017adziernika nowelizacj\u0119 ustawy Prawo o ruchu drogowym wprowadzaj\u0105c\u0105 tzw. profesjonaln\u0105 rejestracj\u0119 pojazd\u00f3w. Zmiany maj\u0105 umo\u017cliwi\u0107 firmom czasowe u\u017cytkowanie aut na drogach z wykorzystaniem profesjonalnego numeru rejestracyjnego dla wielu pojazd\u00f3w. Nie b\u0119dzie to od nich wymaga\u0142o ka\u017cdorazowej czasowej rejestracji pojazdu i wizyty w organie rejestruj\u0105cym. Znowelizowana ustawa pozwoli skutecznie zmniejszy\u0107 &#8230; <a title=\"Nowelizacja ustawy Prawo o ruchu drogowym wprowadzaj\u0105ca tzw. profesjonaln\u0105 rejestracj\u0119 pojazd\u00f3w\" class=\"read-more\" href=\"http:\/\/ekoauto.org\/?p=2737\" aria-label=\"Read more about Nowelizacja ustawy Prawo o ruchu drogowym wprowadzaj\u0105ca tzw. profesjonaln\u0105 rejestracj\u0119 pojazd\u00f3w\">Dowiedz si\u0119 wi\u0119cej<\/a><\/p>\n","protected":false},"author":2,"featured_media":0,"comment_status":"open","ping_status":"open","sticky":false,"template":"","format":"standard","meta":{"_monsterinsights_skip_tracking":false,"_monsterinsights_sitenote_active":false,"_monsterinsights_sitenote_note":"","_monsterinsights_sitenote_category":0,"footnotes":""},"categories":[1],"tags":[],"class_list":["post-2737","post","type-post","status-publish","format-standard","hentry","category-bez-kategorii"],"_links":{"self":[{"href":"http:\/\/ekoauto.org\/index.php?rest_route=\/wp\/v2\/posts\/2737","targetHints":{"allow":["GET"]}}],"collection":[{"href":"http:\/\/ekoauto.org\/index.php?rest_route=\/wp\/v2\/posts"}],"about":[{"href":"http:\/\/ekoauto.org\/index.php?rest_route=\/wp\/v2\/types\/post"}],"author":[{"embeddable":true,"href":"http:\/\/ekoauto.org\/index.php?rest_route=\/wp\/v2\/users\/2"}],"replies":[{"embeddable":true,"href":"http:\/\/ekoauto.org\/index.php?rest_route=%2Fwp%2Fv2%2Fcomments&post=2737"}],"version-history":[{"count":3,"href":"http:\/\/ekoauto.org\/index.php?rest_route=\/wp\/v2\/posts\/2737\/revisions"}],"predecessor-version":[{"id":2740,"href":"http:\/\/ekoauto.org\/index.php?rest_route=\/wp\/v2\/posts\/2737\/revisions\/2740"}],"wp:attachment":[{"href":"http:\/\/ekoauto.org\/index.php?rest_route=%2Fwp%2Fv2%2Fmedia&parent=2737"}],"wp:term":[{"taxonomy":"category","embeddable":true,"href":"http:\/\/ekoauto.org\/index.php?rest_route=%2Fwp%2Fv2%2Fcategories&post=2737"},{"taxonomy":"post_tag","embeddable":true,"href":"http:\/\/ekoauto.org\/index.php?rest_route=%2Fwp%2Fv2%2Ftags&post=2737"}],"curies":[{"name":"wp","href":"https:\/\/api.w.org\/{rel}","templated":true}]}}