{"id":2718,"date":"2017-10-02T12:07:12","date_gmt":"2017-10-02T10:07:12","guid":{"rendered":"http:\/\/ekoauto.org\/?p=2718"},"modified":"2017-10-13T10:44:27","modified_gmt":"2017-10-13T08:44:27","slug":"uroczystosc-25-lecia","status":"publish","type":"post","link":"http:\/\/ekoauto.org\/?p=2718","title":{"rendered":"Uroczysto\u015b\u0107 25-lecia Polskiego Zwi\u0105zku Przemys\u0142u Motoryzacyjnego"},"content":{"rendered":"<p>&nbsp;<\/p>\n<p><img decoding=\"async\" class=\"alignleft size-full wp-image-2719\" src=\"http:\/\/ekoauto.org\/wp-content\/uploads\/2017\/10\/logo.png\" alt=\"\" width=\"223\" height=\"53\" srcset=\"http:\/\/ekoauto.org\/wp-content\/uploads\/2017\/10\/logo.png 223w, http:\/\/ekoauto.org\/wp-content\/uploads\/2017\/10\/logo-200x48.png 200w\" sizes=\"(max-width: 223px) 100vw, 223px\" \/><\/p>\n<p>28 wrze\u015bnia br. Polskie Stowarzyszenie Stacji Demonta\u017cu Pojazd\u00f3w EKO-AUTO mia\u0142o przyjemno\u015b\u0107 wsp\u00f3lnie z pozosta\u0142ymi zaproszonymi go\u015b\u0107mi \u015bwi\u0119towa\u0107 uroczysto\u015b\u0107 <strong>25-lecia Polskiego Zwi\u0105zku Przemys\u0142u Motoryzacyjnego<\/strong>.<\/p>\n<p>Obchody 25-lecia rozpocz\u0119\u0142a Konferencja <strong>&#8222;BRAN\u017bA MOTORYZACYJNA W drodze do przysz\u0142o\u015bci&#8221;<\/strong>.<\/p>\n<p>Prezes PZPM, Pan Jakub Fary\u015b zaprezentowa\u0142 raport powsta\u0142y we wsp\u00f3\u0142pracy z KPMG &#8222;Stan bran\u017cy motoryzacyjnej oraz jej rola w polskiej gospodarce&#8221;.<\/p>\n<p>Wyst\u0105pienia eksperckie obejmowa\u0142y tematyk\u0119 trend\u00f3w, wyzwa\u0144 i problem\u00f3w motoryzacji jutra. Dyskutowano na temat elektromobilno\u015bci, projekt\u00f3w prawnych, kt\u00f3re b\u0119d\u0105 mia\u0142y wp\u0142yw na sektor motoryzacyjny w przysz\u0142o\u015bci. Poruszono r\u00f3wnie\u017c kwesti\u0119 nowych rozporz\u0105dze\u0144 homologacyjnych oraz Specjalnych Stref Ekonomicznych.<\/p>\n<p>Obchody zako\u0144czy\u0142 uroczysty bankiet w s\u0142ynnym budynku \u017baglowiec w Warszawie.<\/p>\n<p><strong>Jednocze\u015bnie po raz kolejny pragniemy z\u0142o\u017cy\u0107 serdeczne gratulacje oraz wyrazi\u0107 sw\u00f3j szacunek i uznanie dla osi\u0105gni\u0119\u0107 Polskiego Zwi\u0105zku Przemys\u0142u Motoryzacyjnego, kt\u00f3re s\u0105 wynikiem wieloletniej, wyt\u0119\u017conej pracy.\u00a0 <\/strong><\/p>\n<p><strong>\u017byczymy, aby nast\u0119pne lata na rynku przynios\u0142y kolejne sukcesy!<\/strong><\/p>\n<div id='gallery-1' class='gallery galleryid-2718 gallery-columns-3 gallery-size-thumbnail'><figure class='gallery-item'>\n\t\t\t<div class='gallery-icon landscape'>\n\t\t\t\t<a href='http:\/\/ekoauto.org\/?attachment_id=2720#main'><img decoding=\"async\" width=\"100\" height=\"100\" src=\"http:\/\/ekoauto.org\/wp-content\/uploads\/2017\/10\/IMG_7623-100x100.jpg\" class=\"attachment-thumbnail size-thumbnail\" alt=\"\" \/><\/a>\n\t\t\t<\/div><\/figure><figure class='gallery-item'>\n\t\t\t<div class='gallery-icon landscape'>\n\t\t\t\t<a href='http:\/\/ekoauto.org\/?attachment_id=2721#main'><img decoding=\"async\" width=\"100\" height=\"100\" src=\"http:\/\/ekoauto.org\/wp-content\/uploads\/2017\/10\/IMG_7626-100x100.jpg\" class=\"attachment-thumbnail size-thumbnail\" alt=\"\" \/><\/a>\n\t\t\t<\/div><\/figure><figure class='gallery-item'>\n\t\t\t<div class='gallery-icon landscape'>\n\t\t\t\t<a href='http:\/\/ekoauto.org\/?attachment_id=2722#main'><img loading=\"lazy\" decoding=\"async\" width=\"100\" height=\"100\" src=\"http:\/\/ekoauto.org\/wp-content\/uploads\/2017\/10\/IMG_7627-100x100.jpg\" class=\"attachment-thumbnail size-thumbnail\" alt=\"\" \/><\/a>\n\t\t\t<\/div><\/figure>\n\t\t<\/div>\n\n<p><a href=\"http:\/\/starter1.home.pl\/57782_PZPM_FOTORERELACJA\/__galeria\/index.html\" target=\"_blank\" rel=\"noopener\">FOTORELACJA<\/a><\/p>\n<p><a href=\"http:\/\/starter1.home.pl\/57782_PZPM_FOTORERELACJA\/02_PREZENTACJE\/INDEX.html\" target=\"_blank\" rel=\"noopener\">MATERIA\u0141Y Z KONFERENCJI<\/a><\/p>\n","protected":false},"excerpt":{"rendered":"<p>&nbsp; 28 wrze\u015bnia br. Polskie Stowarzyszenie Stacji Demonta\u017cu Pojazd\u00f3w EKO-AUTO mia\u0142o przyjemno\u015b\u0107 wsp\u00f3lnie z pozosta\u0142ymi zaproszonymi go\u015b\u0107mi \u015bwi\u0119towa\u0107 uroczysto\u015b\u0107 25-lecia Polskiego Zwi\u0105zku Przemys\u0142u Motoryzacyjnego. Obchody 25-lecia rozpocz\u0119\u0142a Konferencja &#8222;BRAN\u017bA MOTORYZACYJNA W drodze do przysz\u0142o\u015bci&#8221;. Prezes PZPM, Pan Jakub Fary\u015b zaprezentowa\u0142 raport powsta\u0142y we wsp\u00f3\u0142pracy z KPMG &#8222;Stan bran\u017cy motoryzacyjnej oraz jej rola w polskiej gospodarce&#8221;. &#8230; <a title=\"Uroczysto\u015b\u0107 25-lecia Polskiego Zwi\u0105zku Przemys\u0142u Motoryzacyjnego\" class=\"read-more\" href=\"http:\/\/ekoauto.org\/?p=2718\" aria-label=\"Read more about Uroczysto\u015b\u0107 25-lecia Polskiego Zwi\u0105zku Przemys\u0142u Motoryzacyjnego\">Dowiedz si\u0119 wi\u0119cej<\/a><\/p>\n","protected":false},"author":2,"featured_media":0,"comment_status":"open","ping_status":"open","sticky":false,"template":"","format":"standard","meta":{"_monsterinsights_skip_tracking":false,"_monsterinsights_sitenote_active":false,"_monsterinsights_sitenote_note":"","_monsterinsights_sitenote_category":0,"footnotes":""},"categories":[1],"tags":[],"class_list":["post-2718","post","type-post","status-publish","format-standard","hentry","category-bez-kategorii"],"_links":{"self":[{"href":"http:\/\/ekoauto.org\/index.php?rest_route=\/wp\/v2\/posts\/2718","targetHints":{"allow":["GET"]}}],"collection":[{"href":"http:\/\/ekoauto.org\/index.php?rest_route=\/wp\/v2\/posts"}],"about":[{"href":"http:\/\/ekoauto.org\/index.php?rest_route=\/wp\/v2\/types\/post"}],"author":[{"embeddable":true,"href":"http:\/\/ekoauto.org\/index.php?rest_route=\/wp\/v2\/users\/2"}],"replies":[{"embeddable":true,"href":"http:\/\/ekoauto.org\/index.php?rest_route=%2Fwp%2Fv2%2Fcomments&post=2718"}],"version-history":[{"count":8,"href":"http:\/\/ekoauto.org\/index.php?rest_route=\/wp\/v2\/posts\/2718\/revisions"}],"predecessor-version":[{"id":2731,"href":"http:\/\/ekoauto.org\/index.php?rest_route=\/wp\/v2\/posts\/2718\/revisions\/2731"}],"wp:attachment":[{"href":"http:\/\/ekoauto.org\/index.php?rest_route=%2Fwp%2Fv2%2Fmedia&parent=2718"}],"wp:term":[{"taxonomy":"category","embeddable":true,"href":"http:\/\/ekoauto.org\/index.php?rest_route=%2Fwp%2Fv2%2Fcategories&post=2718"},{"taxonomy":"post_tag","embeddable":true,"href":"http:\/\/ekoauto.org\/index.php?rest_route=%2Fwp%2Fv2%2Ftags&post=2718"}],"curies":[{"name":"wp","href":"https:\/\/api.w.org\/{rel}","templated":true}]}}