{"id":2687,"date":"2017-09-04T12:47:00","date_gmt":"2017-09-04T10:47:00","guid":{"rendered":"http:\/\/ekoauto.org\/?p=2687"},"modified":"2017-09-04T12:50:23","modified_gmt":"2017-09-04T10:50:23","slug":"legnica-informacje-o-regionalnym-spotkaniu-branzowym","status":"publish","type":"post","link":"http:\/\/ekoauto.org\/?p=2687","title":{"rendered":"LEGNICA &#8211; informacje o regionalnym spotkaniu bran\u017cowym"},"content":{"rendered":"<p>&nbsp;<\/p>\n<p>Szanowni Pa\u0144stwo,<\/p>\n<p>Wszystkich, kt\u00f3rzy potwierdzili sw\u00f3j udzia\u0142 w Regionalnym Spotkaniu Bran\u017cowym w Legnicy zapraszamy do <strong>Inkubatora Przedsi\u0119biorczo\u015bci przy ul. Plac Wolno\u015bci 4<\/strong>.<\/p>\n<p>Spotkanie przewidziane na wtorek <strong>05.09.2017r.<\/strong> odb\u0119dzie si\u0119 w godzinach <strong>10.00-14.00<\/strong>.<\/p>\n<p>Serdecznie zapraszamy.<\/p>\n<p>&nbsp;<\/p>\n","protected":false},"excerpt":{"rendered":"<p>&nbsp; Szanowni Pa\u0144stwo, Wszystkich, kt\u00f3rzy potwierdzili sw\u00f3j udzia\u0142 w Regionalnym Spotkaniu Bran\u017cowym w Legnicy zapraszamy do Inkubatora Przedsi\u0119biorczo\u015bci przy ul. Plac Wolno\u015bci 4. Spotkanie przewidziane na wtorek 05.09.2017r. odb\u0119dzie si\u0119 w godzinach 10.00-14.00. Serdecznie zapraszamy. &nbsp;<\/p>\n","protected":false},"author":2,"featured_media":0,"comment_status":"open","ping_status":"open","sticky":false,"template":"","format":"standard","meta":{"_monsterinsights_skip_tracking":false,"_monsterinsights_sitenote_active":false,"_monsterinsights_sitenote_note":"","_monsterinsights_sitenote_category":0,"footnotes":""},"categories":[1],"tags":[],"class_list":["post-2687","post","type-post","status-publish","format-standard","hentry","category-bez-kategorii"],"_links":{"self":[{"href":"http:\/\/ekoauto.org\/index.php?rest_route=\/wp\/v2\/posts\/2687","targetHints":{"allow":["GET"]}}],"collection":[{"href":"http:\/\/ekoauto.org\/index.php?rest_route=\/wp\/v2\/posts"}],"about":[{"href":"http:\/\/ekoauto.org\/index.php?rest_route=\/wp\/v2\/types\/post"}],"author":[{"embeddable":true,"href":"http:\/\/ekoauto.org\/index.php?rest_route=\/wp\/v2\/users\/2"}],"replies":[{"embeddable":true,"href":"http:\/\/ekoauto.org\/index.php?rest_route=%2Fwp%2Fv2%2Fcomments&post=2687"}],"version-history":[{"count":3,"href":"http:\/\/ekoauto.org\/index.php?rest_route=\/wp\/v2\/posts\/2687\/revisions"}],"predecessor-version":[{"id":2690,"href":"http:\/\/ekoauto.org\/index.php?rest_route=\/wp\/v2\/posts\/2687\/revisions\/2690"}],"wp:attachment":[{"href":"http:\/\/ekoauto.org\/index.php?rest_route=%2Fwp%2Fv2%2Fmedia&parent=2687"}],"wp:term":[{"taxonomy":"category","embeddable":true,"href":"http:\/\/ekoauto.org\/index.php?rest_route=%2Fwp%2Fv2%2Fcategories&post=2687"},{"taxonomy":"post_tag","embeddable":true,"href":"http:\/\/ekoauto.org\/index.php?rest_route=%2Fwp%2Fv2%2Ftags&post=2687"}],"curies":[{"name":"wp","href":"https:\/\/api.w.org\/{rel}","templated":true}]}}