{"id":2653,"date":"2017-07-25T15:03:48","date_gmt":"2017-07-25T13:03:48","guid":{"rendered":"http:\/\/ekoauto.org\/?p=2653"},"modified":"2017-08-10T12:13:38","modified_gmt":"2017-08-10T10:13:38","slug":"regionalne-spotkania-branzowe-2017-dla-stacji-demontazu-pojazdow","status":"publish","type":"post","link":"http:\/\/ekoauto.org\/?p=2653","title":{"rendered":"Regionalne spotkania bran\u017cowe 2017 dla Stacji Demonta\u017cu Pojazd\u00f3w"},"content":{"rendered":"<p><img fetchpriority=\"high\" decoding=\"async\" class=\"alignleft size-full wp-image-2654\" src=\"http:\/\/ekoauto.org\/wp-content\/uploads\/2017\/07\/baner.jpg\" alt=\"\" width=\"639\" height=\"433\" srcset=\"http:\/\/ekoauto.org\/wp-content\/uploads\/2017\/07\/baner.jpg 639w, http:\/\/ekoauto.org\/wp-content\/uploads\/2017\/07\/baner-300x203.jpg 300w, http:\/\/ekoauto.org\/wp-content\/uploads\/2017\/07\/baner-200x136.jpg 200w\" sizes=\"(max-width: 639px) 100vw, 639px\" \/><\/p>\n<p>&nbsp;<\/p>\n<p>&nbsp;<\/p>\n<p>&nbsp;<\/p>\n<p>&nbsp;<\/p>\n<p>&nbsp;<\/p>\n<p>&nbsp;<\/p>\n<p>&nbsp;<\/p>\n<p>&nbsp;<\/p>\n<p>&nbsp;<\/p>\n<p>&nbsp;<\/p>\n<p>&nbsp;<\/p>\n<p>&nbsp;<\/p>\n<p>&nbsp;<\/p>\n<p>Z ogromn\u0105 przyjemno\u015bci\u0105 informujemy, \u017ce po raz kolejny Stowarzyszenie EKO-AUTO organizuje <strong>cykl regionalnych spotka\u0144 bran\u017cowych dla stacji demonta\u017cu pojazd\u00f3w oraz bran\u017cy recyklingu<\/strong>.<\/p>\n<p>Spotkania planowane s\u0105 na drug\u0105 po\u0142ow\u0119 roku.<\/p>\n<p>Przy\u015bwiecaj\u0105 im trzy zasadnicze cele:<\/p>\n<p>* przybli\u017cy\u0107 zainteresowanym spos\u00f3b funkcjonowania, cele i idee Polskiego Stowarzyszenia Stacji Demonta\u017cu Pojazd\u00f3w EKO\u2013AUTO,<\/p>\n<p>* przekaza\u0107 informacje biznesowe i wiedz\u0119 na wybrane tematy zwi\u0105zane z bran\u017c\u0105 recyklingu od naszych ekspert\u00f3w,<\/p>\n<p>* pozwoli\u0107 na dyskusj\u0119 w \u015brodowisku na tematy istotne zwi\u0105zane z rozwojem bran\u017cy i mo\u017cliwo\u015bciami jej stymulacji.<\/p>\n<p>Pierwsze spotkanie odb\u0119dzie si\u0119 w <strong>Legnicy<\/strong> (05.09.2017). Kolejno planujemy spotkania w <strong>Sosnowcu<\/strong> (07.09.2017), <strong>Poznaniu<\/strong> (13.09.2017), <strong>Tczewie<\/strong> (14.09.017), <strong>Pu\u0142awach<\/strong> (19.09.2017) <strong>Jaros\u0142awiu<\/strong> (20.09.2017) <strong>Nowym S\u0105czu<\/strong> (21.09.2017) oraz <strong>\u0141om\u017cy<\/strong> (25.09.2017).<\/p>\n<p>O szczeg\u00f3\u0142ach spotka\u0144, na kt\u00f3re ju\u017c dzisiaj Pa\u0144stwa zapraszamy b\u0119dziemy Pa\u0144stwa informowa\u0107 na bie\u017c\u0105co!<\/p>\n<p>Zach\u0119camy do zapoznania si\u0119 z <a href=\"http:\/\/ekoauto.org\/wp-content\/uploads\/2017\/07\/PROGRAM.pdf\" target=\"_blank\" rel=\"noopener\"><strong>PROGRAMEM<\/strong><\/a>.<\/p>\n<p><a href=\"http:\/\/ekoauto.org\/wp-content\/uploads\/2017\/07\/FORMULARZ-ZG\u0141OSZENIOWY-REGIONALNE-SPOTKANIA-BRAN\u017bOWE-2017.pdf\" target=\"_blank\" rel=\"noopener\"><strong>FORMULARZ ZG\u0141OSZENIOWY DO POBRANIA<\/strong><\/a><\/p>\n<p>Czekamy na Pa\u0144stwa zg\u0142oszenia i potwierdzenia udzia\u0142u w wydarzeniu: Biuro Polskiego Stowarzyszenia Stacji Demonta\u017cu Pojazd\u00f3w EKO\u2013AUTO: <a href=\"mailto:biuro@ekoauto.org\">biuro@ekoauto.org<\/a>, tel. +48\u00a0533\u00a0666\u00a0815.<\/p>\n<p><strong>Udzia\u0142 w spotkaniach jest bezp\u0142atny. <\/strong>Decyduje kolejno\u015b\u0107 zg\u0142osze\u0144.<\/p>\n","protected":false},"excerpt":{"rendered":"<p>&nbsp; &nbsp; &nbsp; &nbsp; &nbsp; &nbsp; &nbsp; &nbsp; &nbsp; &nbsp; &nbsp; &nbsp; &nbsp; Z ogromn\u0105 przyjemno\u015bci\u0105 informujemy, \u017ce po raz kolejny Stowarzyszenie EKO-AUTO organizuje cykl regionalnych spotka\u0144 bran\u017cowych dla stacji demonta\u017cu pojazd\u00f3w oraz bran\u017cy recyklingu. Spotkania planowane s\u0105 na drug\u0105 po\u0142ow\u0119 roku. Przy\u015bwiecaj\u0105 im trzy zasadnicze cele: * przybli\u017cy\u0107 zainteresowanym spos\u00f3b funkcjonowania, cele i idee &#8230; <a title=\"Regionalne spotkania bran\u017cowe 2017 dla Stacji Demonta\u017cu Pojazd\u00f3w\" class=\"read-more\" href=\"http:\/\/ekoauto.org\/?p=2653\" aria-label=\"Read more about Regionalne spotkania bran\u017cowe 2017 dla Stacji Demonta\u017cu Pojazd\u00f3w\">Dowiedz si\u0119 wi\u0119cej<\/a><\/p>\n","protected":false},"author":2,"featured_media":0,"comment_status":"open","ping_status":"open","sticky":false,"template":"","format":"standard","meta":{"_monsterinsights_skip_tracking":false,"_monsterinsights_sitenote_active":false,"_monsterinsights_sitenote_note":"","_monsterinsights_sitenote_category":0,"footnotes":""},"categories":[1],"tags":[],"class_list":["post-2653","post","type-post","status-publish","format-standard","hentry","category-bez-kategorii"],"_links":{"self":[{"href":"http:\/\/ekoauto.org\/index.php?rest_route=\/wp\/v2\/posts\/2653","targetHints":{"allow":["GET"]}}],"collection":[{"href":"http:\/\/ekoauto.org\/index.php?rest_route=\/wp\/v2\/posts"}],"about":[{"href":"http:\/\/ekoauto.org\/index.php?rest_route=\/wp\/v2\/types\/post"}],"author":[{"embeddable":true,"href":"http:\/\/ekoauto.org\/index.php?rest_route=\/wp\/v2\/users\/2"}],"replies":[{"embeddable":true,"href":"http:\/\/ekoauto.org\/index.php?rest_route=%2Fwp%2Fv2%2Fcomments&post=2653"}],"version-history":[{"count":13,"href":"http:\/\/ekoauto.org\/index.php?rest_route=\/wp\/v2\/posts\/2653\/revisions"}],"predecessor-version":[{"id":2671,"href":"http:\/\/ekoauto.org\/index.php?rest_route=\/wp\/v2\/posts\/2653\/revisions\/2671"}],"wp:attachment":[{"href":"http:\/\/ekoauto.org\/index.php?rest_route=%2Fwp%2Fv2%2Fmedia&parent=2653"}],"wp:term":[{"taxonomy":"category","embeddable":true,"href":"http:\/\/ekoauto.org\/index.php?rest_route=%2Fwp%2Fv2%2Fcategories&post=2653"},{"taxonomy":"post_tag","embeddable":true,"href":"http:\/\/ekoauto.org\/index.php?rest_route=%2Fwp%2Fv2%2Ftags&post=2653"}],"curies":[{"name":"wp","href":"https:\/\/api.w.org\/{rel}","templated":true}]}}