{"id":2637,"date":"2017-06-28T13:25:03","date_gmt":"2017-06-28T11:25:03","guid":{"rendered":"http:\/\/ekoauto.org\/?p=2637"},"modified":"2017-06-28T13:37:43","modified_gmt":"2017-06-28T11:37:43","slug":"interpelacja-w-sprawie-aktualnej-liczby-pojazdow-samochodowych-zarejestrowanych-w-systemie-informatycznym-cepik","status":"publish","type":"post","link":"http:\/\/ekoauto.org\/?p=2637","title":{"rendered":"Interpelacja w sprawie aktualnej liczby pojazd\u00f3w samochodowych zarejestrowanych w Systemie Informatycznym CEPiK"},"content":{"rendered":"<p><img fetchpriority=\"high\" decoding=\"async\" class=\"alignleft  wp-image-2645\" src=\"http:\/\/ekoauto.org\/wp-content\/uploads\/2017\/06\/logo.jpg\" alt=\"\" width=\"231\" height=\"231\" srcset=\"http:\/\/ekoauto.org\/wp-content\/uploads\/2017\/06\/logo.jpg 200w, http:\/\/ekoauto.org\/wp-content\/uploads\/2017\/06\/logo-100x100.jpg 100w\" sizes=\"(max-width: 231px) 100vw, 231px\" \/><\/p>\n<p>22 czerwca ukaza\u0142a si\u0119 odpowied\u017a na <a href=\"http:\/\/www.sejm.gov.pl\/Sejm8.nsf\/InterpelacjaTresc.xsp?key=4A1B8182&amp;view=null\">interpelacj\u0119 w sprawie aktualnej liczby pojazd\u00f3w samochodowych zarejestrowanych w Systemie Informatycznym Centralnej Ewidencji Pojazd\u00f3w i Kierowc\u00f3w<\/a> .<\/p>\n<p>W odpowiedzi tej zawarto wyja\u015bnienie, \u017ce <em>Ubezpieczeniowy Fundusz Gwarancyjny (UFG) jest pod\u0142\u0105czony do <\/em><em>SI CEPiK. Jako podmiot uprawniony na podstawie przepis\u00f3w ustawy Prawo o ruchu drogowym mo\u017ce korzysta\u0107 z nieodp\u0142atnego <\/em><em>pozyskiwania danych lub informacji zgromadzonych w SI CEPiK. Ponadto UFG przekazuje do CEPiK, jako podmiot do tego ustawowo zobowi\u0105zany, dane o zawartych polisach OC<\/em>.<\/p>\n<p>Tym samym zamieszczono wykaz nast\u0119puj\u0105cych tabel:<\/p>\n<ol>\n<li><a href=\"http:\/\/orka2.sejm.gov.pl\/INT8.nsf\/klucz\/658C47EF\/$FILE\/i12856-o1_7.pdf\" target=\"_blank\" rel=\"noopener\">Tabela nr 1<\/a> Liczba pojazd\u00f3w zarejestrowanych w Polsce w podziale na rodzaje pojazd\u00f3w<\/li>\n<li><a href=\"http:\/\/orka2.sejm.gov.pl\/INT8.nsf\/klucz\/658C47EF\/$FILE\/i12856-o1_6.pdf\" target=\"_blank\" rel=\"noopener\">Tabela nr 2<\/a> Pojazdy zarejestrowane w Polsce podlegaj\u0105ce obowi\u0105zkowemu ubezpieczeniu odpowiedzialno\u015bci cywilnej (polisa OC)<\/li>\n<li><a href=\"http:\/\/orka2.sejm.gov.pl\/INT8.nsf\/klucz\/658C47EF\/$FILE\/i12856-o1_5.pdf\" target=\"_blank\" rel=\"noopener\">Tabela nr 3<\/a> Liczba pojazd\u00f3w zarejestrowanych w Polsce w podziale na rodzaje pojazd\u00f3w z aktualnym ubezpieczeniem odpowiedzialno\u015bci cywilnej (polisa OC)<\/li>\n<li>\n<div><a href=\"http:\/\/orka2.sejm.gov.pl\/INT8.nsf\/klucz\/658C47EF\/$FILE\/i12856-o1_4.pdf\" target=\"_blank\" rel=\"noopener\">Tabela nr 4<\/a> Liczba pojazd\u00f3w zarejestrowanych w Polsce w podziale na rodzaje pojazd\u00f3w z aktualnymi badaniami technicznymi<\/div>\n<\/li>\n<li><a href=\"http:\/\/orka2.sejm.gov.pl\/INT8.nsf\/klucz\/658C47EF\/$FILE\/i12856-o1_3.pdf\" target=\"_blank\" rel=\"noopener\">Tabela nr 5<\/a> Liczba pojazd\u00f3w zarejestrowanych w Polsce w podziale na rodzaje pojazd\u00f3w bez aktualnych bada\u0144 technicznych<\/li>\n<li><a href=\"http:\/\/orka2.sejm.gov.pl\/INT8.nsf\/klucz\/658C47EF\/$FILE\/i12856-o1_2.pdf\" target=\"_blank\" rel=\"noopener\">Tabela nr 6<\/a> \u015aredni wiek pojazd\u00f3w zarejestrowanych w Polsce w podziale na rodzaje pojazd\u00f3w posiadaj\u0105cych aktualn\u0105 polis\u0119 OC i bez polisy OC<\/li>\n<li><a href=\"http:\/\/orka2.sejm.gov.pl\/INT8.nsf\/klucz\/658C47EF\/$FILE\/i12856-o1_1.pdf\" target=\"_blank\" rel=\"noopener\">Tabela nr 7<\/a> \u015aredni wiek pojazd\u00f3w zarejestrowanych w Polsce w podziale na rodzaje pojazd\u00f3w posiadaj\u0105cych\n<div>wa\u017cne badania techniczne i bez bada\u0144 technicznych.<\/div>\n<\/li>\n<\/ol>\n<div><\/div>\n<div><\/div>\n","protected":false},"excerpt":{"rendered":"<p>22 czerwca ukaza\u0142a si\u0119 odpowied\u017a na interpelacj\u0119 w sprawie aktualnej liczby pojazd\u00f3w samochodowych zarejestrowanych w Systemie Informatycznym Centralnej Ewidencji Pojazd\u00f3w i Kierowc\u00f3w . W odpowiedzi tej zawarto wyja\u015bnienie, \u017ce Ubezpieczeniowy Fundusz Gwarancyjny (UFG) jest pod\u0142\u0105czony do SI CEPiK. Jako podmiot uprawniony na podstawie przepis\u00f3w ustawy Prawo o ruchu drogowym mo\u017ce korzysta\u0107 z nieodp\u0142atnego pozyskiwania danych &#8230; <a title=\"Interpelacja w sprawie aktualnej liczby pojazd\u00f3w samochodowych zarejestrowanych w Systemie Informatycznym CEPiK\" class=\"read-more\" href=\"http:\/\/ekoauto.org\/?p=2637\" aria-label=\"Read more about Interpelacja w sprawie aktualnej liczby pojazd\u00f3w samochodowych zarejestrowanych w Systemie Informatycznym CEPiK\">Dowiedz si\u0119 wi\u0119cej<\/a><\/p>\n","protected":false},"author":2,"featured_media":0,"comment_status":"open","ping_status":"open","sticky":false,"template":"","format":"standard","meta":{"_monsterinsights_skip_tracking":false,"_monsterinsights_sitenote_active":false,"_monsterinsights_sitenote_note":"","_monsterinsights_sitenote_category":0,"footnotes":""},"categories":[1],"tags":[],"class_list":["post-2637","post","type-post","status-publish","format-standard","hentry","category-bez-kategorii"],"_links":{"self":[{"href":"http:\/\/ekoauto.org\/index.php?rest_route=\/wp\/v2\/posts\/2637","targetHints":{"allow":["GET"]}}],"collection":[{"href":"http:\/\/ekoauto.org\/index.php?rest_route=\/wp\/v2\/posts"}],"about":[{"href":"http:\/\/ekoauto.org\/index.php?rest_route=\/wp\/v2\/types\/post"}],"author":[{"embeddable":true,"href":"http:\/\/ekoauto.org\/index.php?rest_route=\/wp\/v2\/users\/2"}],"replies":[{"embeddable":true,"href":"http:\/\/ekoauto.org\/index.php?rest_route=%2Fwp%2Fv2%2Fcomments&post=2637"}],"version-history":[{"count":11,"href":"http:\/\/ekoauto.org\/index.php?rest_route=\/wp\/v2\/posts\/2637\/revisions"}],"predecessor-version":[{"id":2649,"href":"http:\/\/ekoauto.org\/index.php?rest_route=\/wp\/v2\/posts\/2637\/revisions\/2649"}],"wp:attachment":[{"href":"http:\/\/ekoauto.org\/index.php?rest_route=%2Fwp%2Fv2%2Fmedia&parent=2637"}],"wp:term":[{"taxonomy":"category","embeddable":true,"href":"http:\/\/ekoauto.org\/index.php?rest_route=%2Fwp%2Fv2%2Fcategories&post=2637"},{"taxonomy":"post_tag","embeddable":true,"href":"http:\/\/ekoauto.org\/index.php?rest_route=%2Fwp%2Fv2%2Ftags&post=2637"}],"curies":[{"name":"wp","href":"https:\/\/api.w.org\/{rel}","templated":true}]}}