{"id":2530,"date":"2017-05-26T14:56:42","date_gmt":"2017-05-26T12:56:42","guid":{"rendered":"http:\/\/ekoauto.org\/?p=2530"},"modified":"2017-05-26T14:56:54","modified_gmt":"2017-05-26T12:56:54","slug":"posiedzenie-komisji-na-temat-gospodarki-zuzytym-sprzetem-elektrycznym-i-elektronicznym","status":"publish","type":"post","link":"http:\/\/ekoauto.org\/?p=2530","title":{"rendered":"Posiedzenie Komisji na temat gospodarki zu\u017cytym sprz\u0119tem elektrycznym i elektronicznym"},"content":{"rendered":"<p>&nbsp;<\/p>\n<p>W minion\u0105 \u015brod\u0119, 24 maja odby\u0142o si\u0119 posiedzenie Podkomisji sta\u0142ej ds. monitorowania gospodarki odpadami. Dotyczy\u0142o ono gospodarki zu\u017cytym sprz\u0119tem elektrycznym i elektronicznym (stan obecny oraz perspektywy).<\/p>\n<p>Prezes Stowarzyszenia, Pan Jakub Smakulski zaj\u0105\u0142 stanowisko w imieniu stacji demonta\u017cu, kt\u00f3re prowadz\u0105 dzia\u0142alno\u015b\u0107 w zakresie zu\u017cytego sprz\u0119tu.<\/p>\n<p>Prezes Smakulski zwr\u00f3ci\u0142 uwag\u0119 na potrzeb\u0119 uproszczenia\/ujednolicenia sprawozdawczo\u015bci w zakresie gospodarki zu\u017cytym sprz\u0119tem elektrycznym i elektronicznym. Ponownie podkre\u015bli\u0142 te\u017c konieczno\u015b\u0107 kontroli szarej strefy poprzez zwi\u0119kszenie i wzmocnienie kadr organ\u00f3w inspekcji \u015brodowiska, kt\u00f3re maj\u0105 dzia\u0142a\u0107 w kierunku jej zwalczania. Konieczne jest zachowanie r\u00f3wnowagi pomi\u0119dzy kontrolami przedsi\u0119biorc\u00f3w, kt\u00f3rzy dzia\u0142aj\u0105 legalnie, zgodnie z przepisami a tymi, kt\u00f3rzy wychodz\u0105 poza granice prawa.<\/p>\n<p><a href=\"http:\/\/www.sejm.gov.pl\/Sejm8.nsf\/transmisje_arch.xsp?unid=087DF200B8402FFAC125812300351E56\" target=\"_blank\" rel=\"noopener noreferrer\">Pe\u0142na transmisja posiedzenia Komisji<\/a><\/p>\n","protected":false},"excerpt":{"rendered":"<p>&nbsp; W minion\u0105 \u015brod\u0119, 24 maja odby\u0142o si\u0119 posiedzenie Podkomisji sta\u0142ej ds. monitorowania gospodarki odpadami. Dotyczy\u0142o ono gospodarki zu\u017cytym sprz\u0119tem elektrycznym i elektronicznym (stan obecny oraz perspektywy). Prezes Stowarzyszenia, Pan Jakub Smakulski zaj\u0105\u0142 stanowisko w imieniu stacji demonta\u017cu, kt\u00f3re prowadz\u0105 dzia\u0142alno\u015b\u0107 w zakresie zu\u017cytego sprz\u0119tu. Prezes Smakulski zwr\u00f3ci\u0142 uwag\u0119 na potrzeb\u0119 uproszczenia\/ujednolicenia sprawozdawczo\u015bci w zakresie &#8230; <a title=\"Posiedzenie Komisji na temat gospodarki zu\u017cytym sprz\u0119tem elektrycznym i elektronicznym\" class=\"read-more\" href=\"http:\/\/ekoauto.org\/?p=2530\" aria-label=\"Read more about Posiedzenie Komisji na temat gospodarki zu\u017cytym sprz\u0119tem elektrycznym i elektronicznym\">Dowiedz si\u0119 wi\u0119cej<\/a><\/p>\n","protected":false},"author":2,"featured_media":0,"comment_status":"open","ping_status":"open","sticky":false,"template":"","format":"standard","meta":{"_monsterinsights_skip_tracking":false,"_monsterinsights_sitenote_active":false,"_monsterinsights_sitenote_note":"","_monsterinsights_sitenote_category":0,"footnotes":""},"categories":[1],"tags":[],"class_list":["post-2530","post","type-post","status-publish","format-standard","hentry","category-bez-kategorii"],"_links":{"self":[{"href":"http:\/\/ekoauto.org\/index.php?rest_route=\/wp\/v2\/posts\/2530","targetHints":{"allow":["GET"]}}],"collection":[{"href":"http:\/\/ekoauto.org\/index.php?rest_route=\/wp\/v2\/posts"}],"about":[{"href":"http:\/\/ekoauto.org\/index.php?rest_route=\/wp\/v2\/types\/post"}],"author":[{"embeddable":true,"href":"http:\/\/ekoauto.org\/index.php?rest_route=\/wp\/v2\/users\/2"}],"replies":[{"embeddable":true,"href":"http:\/\/ekoauto.org\/index.php?rest_route=%2Fwp%2Fv2%2Fcomments&post=2530"}],"version-history":[{"count":2,"href":"http:\/\/ekoauto.org\/index.php?rest_route=\/wp\/v2\/posts\/2530\/revisions"}],"predecessor-version":[{"id":2532,"href":"http:\/\/ekoauto.org\/index.php?rest_route=\/wp\/v2\/posts\/2530\/revisions\/2532"}],"wp:attachment":[{"href":"http:\/\/ekoauto.org\/index.php?rest_route=%2Fwp%2Fv2%2Fmedia&parent=2530"}],"wp:term":[{"taxonomy":"category","embeddable":true,"href":"http:\/\/ekoauto.org\/index.php?rest_route=%2Fwp%2Fv2%2Fcategories&post=2530"},{"taxonomy":"post_tag","embeddable":true,"href":"http:\/\/ekoauto.org\/index.php?rest_route=%2Fwp%2Fv2%2Ftags&post=2530"}],"curies":[{"name":"wp","href":"https:\/\/api.w.org\/{rel}","templated":true}]}}